{"id":5202,"date":"2012-07-06T11:35:13","date_gmt":"2012-07-06T09:35:13","guid":{"rendered":"http:\/\/www.tucomarca.com\/wordpress\/segunda\/?p=5202"},"modified":"2012-07-06T11:37:31","modified_gmt":"2012-07-06T09:37:31","slug":"el-incendio-de-cortes-de-pallas-controlado-una-semana-despues-de-su-inicio","status":"publish","type":"post","link":"https:\/\/www.tucomarca.com\/wordpress\/segunda\/el-incendio-de-cortes-de-pallas-controlado-una-semana-despues-de-su-inicio\/","title":{"rendered":"El incendio de Cortes de Pall\u00e1s, controlado una semana despu\u00e9s de su inicio"},"content":{"rendered":"<p>A las 20,00 horas de este jueves fuentes del Centro de Emergencia de la Generalitat Valenciana han dado oficialmente por controlado el incendio que se origin\u00f3 una semana antes en los montes de Cortes de Pall\u00e1s, y que ha afectado a los t\u00e9rminos municipales de Y\u00e1tova, Dos Aguas, Macastre, Alborache, Montroy, Real de Montroy, Tous, Carlet, Llombai, Millares, Tur\u00eds y Catadau donde ha calcinado m\u00e1s de 9.000 hect\u00e1reas, seg\u00fan cifras oficiales.<\/p>\n<p>La conselleria de Gobernaci\u00f3n, a trav\u00e9s del Centro de Coordinaci\u00f3n de  Emergencias, ha retirado hoy viernes, 6 de julio, la Preemergencia por  riesgo de incendios forestales, Nivel 3, que estaba vigente en el  interior de la provincia de Valencia y norte de la provincia de  Alicante.<\/p>\n<p>La Agencia Estatal de Meteorolog\u00eda prev\u00e9 para esta jornada  intervalos de nubes bajas en el litoral de la mitad norte por la ma\u00f1ana,  predominio de poco nuboso en el resto. Posibilidad de precipitaciones  d\u00e9biles a primeras horas en el litoral norte. Temperaturas sin cambios o  en ligero descenso. Vientos variables, predominando la componente este  en el litoral, flojos con brisas.<\/p>\n","protected":false},"excerpt":{"rendered":"<div class=\"mh-excerpt\">A las 20,00 horas de este jueves fuentes del Centro de Emergencia de la Generalitat Valenciana han dado oficialmente por controlado el incendio que se origin\u00f3 una semana antes en los montes de Cortes de <a class=\"mh-excerpt-more\" href=\"https:\/\/www.tucomarca.com\/wordpress\/segunda\/el-incendio-de-cortes-de-pallas-controlado-una-semana-despues-de-su-inicio\/\" title=\"El incendio de Cortes de Pall\u00e1s, controlado una semana despu\u00e9s de su inicio\">[+] <\/a><\/div>\n","protected":false},"author":1,"featured_media":5204,"comment_status":"open","ping_status":"open","sticky":false,"template":"","format":"standard","meta":{"footnotes":""},"categories":[19,291,41,15,8,10,97,13,162,161,3,116,159,43,45,11],"tags":[],"class_list":{"0":"post-5202","1":"post","2":"type-post","3":"status-publish","4":"format-standard","5":"has-post-thumbnail","7":"category-alborache","8":"category-carlet","9":"category-cofrentes","10":"category-dos-aguas","11":"category-la-comarca","12":"category-la-hoya","13":"category-llombai","14":"category-macastre","15":"category-monserrat","16":"category-real-de-montroi","17":"category-seccion","18":"category-sucesos-la-comarca","19":"category-tous","20":"category-turis","21":"category-ventana","22":"category-yatova"},"_links":{"self":[{"href":"https:\/\/www.tucomarca.com\/wordpress\/segunda\/wp-json\/wp\/v2\/posts\/5202","targetHints":{"allow":["GET"]}}],"collection":[{"href":"https:\/\/www.tucomarca.com\/wordpress\/segunda\/wp-json\/wp\/v2\/posts"}],"about":[{"href":"https:\/\/www.tucomarca.com\/wordpress\/segunda\/wp-json\/wp\/v2\/types\/post"}],"author":[{"embeddable":true,"href":"https:\/\/www.tucomarca.com\/wordpress\/segunda\/wp-json\/wp\/v2\/users\/1"}],"replies":[{"embeddable":true,"href":"https:\/\/www.tucomarca.com\/wordpress\/segunda\/wp-json\/wp\/v2\/comments?post=5202"}],"version-history":[{"count":0,"href":"https:\/\/www.tucomarca.com\/wordpress\/segunda\/wp-json\/wp\/v2\/posts\/5202\/revisions"}],"wp:featuredmedia":[{"embeddable":true,"href":"https:\/\/www.tucomarca.com\/wordpress\/segunda\/wp-json\/wp\/v2\/media\/5204"}],"wp:attachment":[{"href":"https:\/\/www.tucomarca.com\/wordpress\/segunda\/wp-json\/wp\/v2\/media?parent=5202"}],"wp:term":[{"taxonomy":"category","embeddable":true,"href":"https:\/\/www.tucomarca.com\/wordpress\/segunda\/wp-json\/wp\/v2\/categories?post=5202"},{"taxonomy":"post_tag","embeddable":true,"href":"https:\/\/www.tucomarca.com\/wordpress\/segunda\/wp-json\/wp\/v2\/tags?post=5202"}],"curies":[{"name":"wp","href":"https:\/\/api.w.org\/{rel}","templated":true}]}}