{"id":5226,"date":"2012-07-06T11:34:22","date_gmt":"2012-07-06T09:34:22","guid":{"rendered":"http:\/\/www.tucomarca.com\/wordpress\/segunda\/?p=5226"},"modified":"2012-07-06T11:34:22","modified_gmt":"2012-07-06T09:34:22","slug":"eu-psoe-e-ia-celebran-con-una-cena-su-primera-niversario-de-gobierno-conjunto-en-bunol","status":"publish","type":"post","link":"https:\/\/www.tucomarca.com\/wordpress\/segunda\/eu-psoe-e-ia-celebran-con-una-cena-su-primera-niversario-de-gobierno-conjunto-en-bunol\/","title":{"rendered":"EU, PSOE e IA celebran con una cena su primera niversario de gobierno conjunto en Bu\u00f1ol"},"content":{"rendered":"<p>El equipo de gobierno bu\u00f1olense \u2014formado por Esquerra Unida, Partido Socialista e Izquierda Alternativa\u2014 tiene previsto celebrar este viernes 6 de julio, en la Plaza de Layana,\u00a0 su primer aniversario con una cena, una cita festiva con la que tambi\u00e9n se quiere celebrar \u00ablos avances que la izquierda\u00a0 est\u00e1 consiguiendo en Europa\u00bb, como han afirmado.<\/p>\n<p>Como han detallado, \u00abel pasado 11 de junio aconteci\u00f3 el primer aniversario del pacto de gobierno de izquierdas que ha llevado a EU, PSOE e IAB a\u00a0 realizar una experiencia de gobierno de las izquierdas que por la\u00a0 unidad de acci\u00f3n\u00a0 y gesti\u00f3n conseguida podemos\u00a0 calificar de hist\u00f3rica. Despu\u00e9s de largos a\u00f1os de desencuentros, rivalidades y pol\u00e9micas, las organizaciones pol\u00edticas de izquierdas de Bu\u00f1ol estamos demostrando que podemos entendernos y colaborar en un gobierno plural de la izquierda, centrado en la defensa de lo p\u00fablico, la transparencia, la participaci\u00f3n y el servicio abnegado a la ciudadan\u00eda\u00bb.<\/p>\n<p>\u00abA pesar de la derecha, a pesar del transfuguismo y la deshonestidad\u00a0 pol\u00edtica, a pesar de la grave crisis que afecta tan gravemente a los trabajadores, el alcalde y todos los concejales de la izquierda est\u00e1n demostrando un alto nivel de responsabilidad, unidad y\u00a0 trabajo en equipo democr\u00e1tico y de izquierdas\u00bb, han afirmado.<\/p>\n<p>Desde el tripartito tambi\u00e9n se ha querido hacer menci\u00f3n especial a los \u00abavances que la\u00a0 izquierda\u00a0 est\u00e1 consiguiendo en Europa con el triunfo de Hollande\u00a0 y el avance electoral del Frente de Izquierdas en Francia,\u00a0 as\u00ed como el espectacular \u00e9xito electoral de la coalici\u00f3n de la izquierda radical\u00a0 griega Siriza\u00bb.<br \/>\n\u00abPor todo ello, las tres organizaciones de la izquierda de Bu\u00f1ol hemos decidido realizar una cena de sobaquillo el pr\u00f3ximo viernes 6 de julio, en la Plaza de Layana, a partir de las 9,30 de la noche\u00bb, adelantan desde el actual equipo de gobierno.<\/p>\n","protected":false},"excerpt":{"rendered":"<div class=\"mh-excerpt\">El equipo de gobierno bu\u00f1olense \u2014formado por Esquerra Unida, Partido Socialista e Izquierda Alternativa\u2014 tiene previsto celebrar este viernes 6 de julio, en la Plaza de Layana,\u00a0 su primer aniversario con una cena, una cita <a class=\"mh-excerpt-more\" href=\"https:\/\/www.tucomarca.com\/wordpress\/segunda\/eu-psoe-e-ia-celebran-con-una-cena-su-primera-niversario-de-gobierno-conjunto-en-bunol\/\" title=\"EU, PSOE e IA celebran con una cena su primera niversario de gobierno conjunto en Bu\u00f1ol\">[+] <\/a><\/div>\n","protected":false},"author":1,"featured_media":0,"comment_status":"open","ping_status":"open","sticky":false,"template":"","format":"standard","meta":{"footnotes":""},"categories":[18,8,10,142,3],"tags":[],"class_list":{"0":"post-5226","1":"post","2":"type-post","3":"status-publish","4":"format-standard","6":"category-bunol","7":"category-la-comarca","8":"category-la-hoya","9":"category-politica-la-comarca","10":"category-seccion"},"_links":{"self":[{"href":"https:\/\/www.tucomarca.com\/wordpress\/segunda\/wp-json\/wp\/v2\/posts\/5226","targetHints":{"allow":["GET"]}}],"collection":[{"href":"https:\/\/www.tucomarca.com\/wordpress\/segunda\/wp-json\/wp\/v2\/posts"}],"about":[{"href":"https:\/\/www.tucomarca.com\/wordpress\/segunda\/wp-json\/wp\/v2\/types\/post"}],"author":[{"embeddable":true,"href":"https:\/\/www.tucomarca.com\/wordpress\/segunda\/wp-json\/wp\/v2\/users\/1"}],"replies":[{"embeddable":true,"href":"https:\/\/www.tucomarca.com\/wordpress\/segunda\/wp-json\/wp\/v2\/comments?post=5226"}],"version-history":[{"count":0,"href":"https:\/\/www.tucomarca.com\/wordpress\/segunda\/wp-json\/wp\/v2\/posts\/5226\/revisions"}],"wp:attachment":[{"href":"https:\/\/www.tucomarca.com\/wordpress\/segunda\/wp-json\/wp\/v2\/media?parent=5226"}],"wp:term":[{"taxonomy":"category","embeddable":true,"href":"https:\/\/www.tucomarca.com\/wordpress\/segunda\/wp-json\/wp\/v2\/categories?post=5226"},{"taxonomy":"post_tag","embeddable":true,"href":"https:\/\/www.tucomarca.com\/wordpress\/segunda\/wp-json\/wp\/v2\/tags?post=5226"}],"curies":[{"name":"wp","href":"https:\/\/api.w.org\/{rel}","templated":true}]}}