{"id":5234,"date":"2012-07-07T11:42:22","date_gmt":"2012-07-07T09:42:22","guid":{"rendered":"http:\/\/www.tucomarca.com\/wordpress\/segunda\/?p=5234"},"modified":"2012-07-07T11:42:22","modified_gmt":"2012-07-07T09:42:22","slug":"catala-%c2%abel-paro-se-ha-reducido-en-32-de-las-34-comarcas-de-la-comunitat-valenciana%c2%bb","status":"publish","type":"post","link":"https:\/\/www.tucomarca.com\/wordpress\/segunda\/catala-%c2%abel-paro-se-ha-reducido-en-32-de-las-34-comarcas-de-la-comunitat-valenciana%c2%bb\/","title":{"rendered":"Catal\u00e0: \u00abEl paro se ha reducido en 32 de las 34 comarcas de la Comunitat Valenciana\u00bb"},"content":{"rendered":"<p>\u00abLa  Comunitat Valenciana est\u00e1 teniendo un comportamiento ejemplar en la  creaci\u00f3n de empleo en los \u00faltimos meses, dado que seg\u00fan los \u00faltimos  datos del paro registrado, 32 de las 34 comarcas de la Comunitat  experimentan un descenso del desempleo\u00bb, ha destacado la consellera de  Educaci\u00f3n, Formaci\u00f3n y Empleo, Mar\u00eda Jos\u00e9 Catal\u00e0.<br \/>\nCatal\u00e0 ha realizado estas declaraciones durante la inauguraci\u00f3n  de la Agencia de Colocaci\u00f3n del municipio de Paiporta, en la que ha  estado acompa\u00f1ada por el alcalde de la localidad, Vicente Ibor. La  agencia inaugurada constituye la primera agencia de colocaci\u00f3n que ha  empezado a funcionar en la Comunitat Valenciana, de las 30 autorizadas  hasta el momento.<\/p>\n<p>La consellera ha explicado que seg\u00fan la normativa estatal al  respecto, \u00ablos centros asociados al Servef deb\u00edan pasar a constituirse  en agencias de colocaci\u00f3n a partir del 1 de abril, lo que est\u00e1  permitiendo ofrecer un servicio del Servef m\u00e1s cercano al ciudadano, que  trata de dar respuesta a las necesidades de las personas desocupadas en  colaboraci\u00f3n con las instituciones m\u00e1s pr\u00f3ximas a los ciudadanos, que  son los ayuntamientos\u00bb.<\/p>\n<p>Asimismo, Catal\u00e0 ha indicado que a trav\u00e9s de las agencias de  colocaci\u00f3n \u00abse propiciar\u00e1 la colaboraci\u00f3n publico privada adecuada para  que las iniciativas empresariales que requieren la contrataci\u00f3n de  personal para su actividad econ\u00f3mica puedan encontrar en estos centros  los trabajadores que necesiten\u00bb.<\/p>\n<p>En el transcurso del acto, la consellera tambi\u00e9n ha anunciado  la puesta en marcha de un cajero Autoservef en Paiporta. \u00abSe trata -ha  explicado- de una herramienta para que la persona desempleada no tenga  que esperar, ni hacer colas, para poder acceder a un certificado, a  renovar su demanda de empleo, o a renovar su demanda de formaci\u00f3n, as\u00ed  como acceder a las ofertas de trabajo de toda la Comunitat y consultar  las ofertas de formaci\u00f3n\u00bb.<\/p>\n<p>Actualmente, la Conselleria dispone de m\u00e1s de un centenar de  cajeros por toda la Comunitat Valenciana, muchos de ellos est\u00e1n en  ayuntamientos y en municipios donde no existe oficina del Server, lo que  facilita que los habitantes del municipio no tengan que desplazarse a  la oficina del Servef de otro municipio.<\/p>\n<p>Descenso del paro juvenil<\/p>\n<p>En el transcurso del acto, la Consellera ha valorado los datos  del paro referentes al mes de junio que se han publicado esta semana,  dado que la Comunitat ha experimentado el mayor descenso del paro  juvenil del \u00faltimo a\u00f1o registrado en Espa\u00f1a, dado que 2.829 menores de  25 a\u00f1os han encontrado empleo desde junio de 2011, lo que supone una  reducci\u00f3n del 5,1%.<\/p>\n<p>Este dato contrasta con la situaci\u00f3n en el resto de Espa\u00f1a,  donde el paro juvenil aumenta en un 6,2%, dado que tan s\u00f3lo Catalu\u00f1a y  la Comunitat Valenciana experimentan un descenso del desempleo entre los  j\u00f3venes.<\/p>\n<p>De igual manera, el paro juvenil cae durante el mes de junio  respecto al mes anterior en un 7%, con 3.908 parados menos, entre los  j\u00f3venes menores de 25 a\u00f1os. Este descenso es el segundo mejor  comportamiento registrado en un mes de junio desde que se recogen datos  de paro, es decir desde 1977.<\/p>\n<p>Adem\u00e1s, el desempleo ha descendido en la Comunitat Valenciana  durante el mes de junio en 9.104 desempleados respecto al mes de mayo,  es decir un 1,59%. Estas cifras sit\u00faan a la Comunitat como la cuarta  autonom\u00eda donde m\u00e1s desciende el paro, s\u00f3lo por detr\u00e1s de Andaluc\u00eda,  Catalu\u00f1a y Castilla Le\u00f3n. Adem\u00e1s, baja el paro por segundo mes  consecutivo, acumulando un descenso de m\u00e1s de 11.537 parados menos entre  mayo y junio.<\/p>\n<p>Asimismo, aumenta el n\u00famero de aut\u00f3nomos por quinto mes  consecutivo. \u00abEn junio existen 471 aut\u00f3nomos m\u00e1s que en el mes anterior,  lo que nos sit\u00faa como la tercera regi\u00f3n espa\u00f1ola con el mayor  incremento de aut\u00f3nomos en el mes de junio\u00bb, ha explicado Catal\u00e0.<\/p>\n<p>Seg\u00fan ha explicado, \u00abestos datos confirman la tendencia a la  baja en el n\u00famero de parados iniciada el pasado mes de mayo, lo que nos  debe motivar a\u00fan m\u00e1s para continuar trabajando en la misma direcci\u00f3n y  seguir creando empleo, lo que constituye una de las prioridades m\u00e1ximas  de la Generalitat\u00bb.<\/p>\n","protected":false},"excerpt":{"rendered":"<div class=\"mh-excerpt\">\u00abLa Comunitat Valenciana est\u00e1 teniendo un comportamiento ejemplar en la creaci\u00f3n de empleo en los \u00faltimos meses, dado que seg\u00fan los \u00faltimos datos del paro registrado, 32 de las 34 comarcas de la Comunitat experimentan <a class=\"mh-excerpt-more\" href=\"https:\/\/www.tucomarca.com\/wordpress\/segunda\/catala-%c2%abel-paro-se-ha-reducido-en-32-de-las-34-comarcas-de-la-comunitat-valenciana%c2%bb\/\" title=\"Catal\u00e0: \u00abEl paro se ha reducido en 32 de las 34 comarcas de la Comunitat Valenciana\u00bb\">[+] <\/a><\/div>\n","protected":false},"author":1,"featured_media":0,"comment_status":"open","ping_status":"open","sticky":false,"template":"","format":"standard","meta":{"footnotes":""},"categories":[8,72,3],"tags":[],"class_list":{"0":"post-5234","1":"post","2":"type-post","3":"status-publish","4":"format-standard","6":"category-la-comarca","7":"category-sin-categorizar","8":"category-seccion"},"_links":{"self":[{"href":"https:\/\/www.tucomarca.com\/wordpress\/segunda\/wp-json\/wp\/v2\/posts\/5234","targetHints":{"allow":["GET"]}}],"collection":[{"href":"https:\/\/www.tucomarca.com\/wordpress\/segunda\/wp-json\/wp\/v2\/posts"}],"about":[{"href":"https:\/\/www.tucomarca.com\/wordpress\/segunda\/wp-json\/wp\/v2\/types\/post"}],"author":[{"embeddable":true,"href":"https:\/\/www.tucomarca.com\/wordpress\/segunda\/wp-json\/wp\/v2\/users\/1"}],"replies":[{"embeddable":true,"href":"https:\/\/www.tucomarca.com\/wordpress\/segunda\/wp-json\/wp\/v2\/comments?post=5234"}],"version-history":[{"count":0,"href":"https:\/\/www.tucomarca.com\/wordpress\/segunda\/wp-json\/wp\/v2\/posts\/5234\/revisions"}],"wp:attachment":[{"href":"https:\/\/www.tucomarca.com\/wordpress\/segunda\/wp-json\/wp\/v2\/media?parent=5234"}],"wp:term":[{"taxonomy":"category","embeddable":true,"href":"https:\/\/www.tucomarca.com\/wordpress\/segunda\/wp-json\/wp\/v2\/categories?post=5234"},{"taxonomy":"post_tag","embeddable":true,"href":"https:\/\/www.tucomarca.com\/wordpress\/segunda\/wp-json\/wp\/v2\/tags?post=5234"}],"curies":[{"name":"wp","href":"https:\/\/api.w.org\/{rel}","templated":true}]}}