{"id":5236,"date":"2012-07-07T11:45:33","date_gmt":"2012-07-07T09:45:33","guid":{"rendered":"http:\/\/www.tucomarca.com\/wordpress\/segunda\/?p=5236"},"modified":"2012-07-07T11:45:33","modified_gmt":"2012-07-07T09:45:33","slug":"el-grupo-socialista-nombra-nueva-direccion-en-la-diputacion-de-valencia","status":"publish","type":"post","link":"https:\/\/www.tucomarca.com\/wordpress\/segunda\/el-grupo-socialista-nombra-nueva-direccion-en-la-diputacion-de-valencia\/","title":{"rendered":"El grupo socialista nombra nueva direcci\u00f3n en la Diputaci\u00f3n de Valencia"},"content":{"rendered":"<p>El grupo socialista en la Diputaci\u00f3n de Valencia se ha reunido esta semana en la sede de Blanqueries para aprobar la nueva direcci\u00f3n del grupo de diputados siguiendo las directrices emanadas de la Comisi\u00f3n Ejecutiva nacional el partido. A la misma ha asistido tambi\u00e9n el secretario de organizaci\u00f3n del PSPV-PSOE, Alfred Boix.<\/p>\n<p>As\u00ed, se ha procedido a constituir el nuevo equipo directivo que sit\u00faa al \u00a0vicesecretario de Relaciones Institucionales del PSPV-PSOE, Jos\u00e9 Manuel Orengo como portavoz, a Pepe Ruiz como presidente, a Ra\u00fal Pardos como portavoz adjunto, mientras que la secretaria del grupo ser\u00e1 para Concha Andr\u00e9s. Este nuevo equipo tiene como principal misi\u00f3n apoyar el municipalismo progresista en la provincia de Valencia.<\/p>\n","protected":false},"excerpt":{"rendered":"<div class=\"mh-excerpt\">El grupo socialista en la Diputaci\u00f3n de Valencia se ha reunido esta semana en la sede de Blanqueries para aprobar la nueva direcci\u00f3n del grupo de diputados siguiendo las directrices emanadas de la Comisi\u00f3n Ejecutiva <a class=\"mh-excerpt-more\" href=\"https:\/\/www.tucomarca.com\/wordpress\/segunda\/el-grupo-socialista-nombra-nueva-direccion-en-la-diputacion-de-valencia\/\" title=\"El grupo socialista nombra nueva direcci\u00f3n en la Diputaci\u00f3n de Valencia\">[+] <\/a><\/div>\n","protected":false},"author":1,"featured_media":0,"comment_status":"open","ping_status":"open","sticky":false,"template":"","format":"standard","meta":{"footnotes":""},"categories":[8,72,142,3],"tags":[],"class_list":{"0":"post-5236","1":"post","2":"type-post","3":"status-publish","4":"format-standard","6":"category-la-comarca","7":"category-sin-categorizar","8":"category-politica-la-comarca","9":"category-seccion"},"_links":{"self":[{"href":"https:\/\/www.tucomarca.com\/wordpress\/segunda\/wp-json\/wp\/v2\/posts\/5236","targetHints":{"allow":["GET"]}}],"collection":[{"href":"https:\/\/www.tucomarca.com\/wordpress\/segunda\/wp-json\/wp\/v2\/posts"}],"about":[{"href":"https:\/\/www.tucomarca.com\/wordpress\/segunda\/wp-json\/wp\/v2\/types\/post"}],"author":[{"embeddable":true,"href":"https:\/\/www.tucomarca.com\/wordpress\/segunda\/wp-json\/wp\/v2\/users\/1"}],"replies":[{"embeddable":true,"href":"https:\/\/www.tucomarca.com\/wordpress\/segunda\/wp-json\/wp\/v2\/comments?post=5236"}],"version-history":[{"count":0,"href":"https:\/\/www.tucomarca.com\/wordpress\/segunda\/wp-json\/wp\/v2\/posts\/5236\/revisions"}],"wp:attachment":[{"href":"https:\/\/www.tucomarca.com\/wordpress\/segunda\/wp-json\/wp\/v2\/media?parent=5236"}],"wp:term":[{"taxonomy":"category","embeddable":true,"href":"https:\/\/www.tucomarca.com\/wordpress\/segunda\/wp-json\/wp\/v2\/categories?post=5236"},{"taxonomy":"post_tag","embeddable":true,"href":"https:\/\/www.tucomarca.com\/wordpress\/segunda\/wp-json\/wp\/v2\/tags?post=5236"}],"curies":[{"name":"wp","href":"https:\/\/api.w.org\/{rel}","templated":true}]}}