{"id":5243,"date":"2012-07-07T11:51:18","date_gmt":"2012-07-07T09:51:18","guid":{"rendered":"http:\/\/www.tucomarca.com\/wordpress\/segunda\/?p=5243"},"modified":"2012-07-07T11:51:18","modified_gmt":"2012-07-07T09:51:18","slug":"escena-erasmus-de-la-universitat-de-valencia-creara-una-%e2%80%9cfila-cero%e2%80%9d-en-su-espectaculo-para-ayudar-a-los-municipios-valencianos-afectados-por-los-ultimos-incendios","status":"publish","type":"post","link":"https:\/\/www.tucomarca.com\/wordpress\/segunda\/escena-erasmus-de-la-universitat-de-valencia-creara-una-%e2%80%9cfila-cero%e2%80%9d-en-su-espectaculo-para-ayudar-a-los-municipios-valencianos-afectados-por-los-ultimos-incendios\/","title":{"rendered":"Escena Erasmus de la Universitat de Val\u00e8ncia crear\u00e1 una \u201cfila cero\u201d en su espect\u00e1culo para ayudar a los municipios valencianos afectados por los \u00faltimos incendios"},"content":{"rendered":"<p>El Proyecto Teatral Europeo \u201cEscena Erasmus\u201d, impulsado por la Universitat de Val\u00e8ncia, que este a\u00f1o participa por tercer a\u00f1o consecutivo en el programa de giras teatrales \u201cLas Huellas de la Barraca\u201d, organizado por Acci\u00f3n Cultural Espa\u00f1ola (AC\/E), cerrar\u00e1 su gira en Macastre, y participar\u00e1 tambi\u00e9n en Montroi y Enguera, municipios valencianos afectados por los incendios de estos d\u00edas.<\/p>\n<p>Con el fin de recabar fondos para contribuir a la recuperaci\u00f3n del patrimonio natural, la Universitat, adem\u00e1s de otras iniciativas, abrir\u00e1 una cuenta bancaria para que la ciudadan\u00eda pueda aportar su ayuda, y tambi\u00e9n establecer\u00e1 una \u201cfila cero\u201d de entradas para las representaciones de la gira.<\/p>\n<p>La Universitat de Val\u00e8ncia, como instituci\u00f3n cient\u00edfica comprometida con el territorio, ha estado en contacto con las autoridades con el fin de seguir el desarrollo de estos incendios, que han afectado diversos municipios con los que la instituci\u00f3n acad\u00e9mica tiene establecidos convenios de colaboraci\u00f3n.<\/p>\n<p>Seg\u00fan Antonio Ari\u00f1o, Vicerector de Cultura, Igualtat i Planificaci\u00f3 de la Universitat de Val\u00e8ncia, \u201cesta acci\u00f3n, y gracias a la implicaci\u00f3n de estos estudiantes, tambi\u00e9n sirve para darnos cuenta que construyendo Europa se crea un sentido de pertenencia y por lo tanto una Europa de las personas\u201d. Para Antoni Tordera, director del espect\u00e1culo, \u201ceste pasado s\u00e1bado, al regresar del Festival de Alcal\u00e1 de Henares, a la altura de Bu\u00f1ol, empezamos a ver las llamas del incendio a uno de los lados de la carretera, y varios actores del grupo empezaron a llorar porque se estaba quemando un bosque valenciano, y por lo tanto europeo y por lo tanto de todos, al margen del viaje, la cultura y la experiencia de La Barraca, de pronto, para todo el grupo, el bosque era tambi\u00e9n suyo, y les emocion\u00f3, y esto tambi\u00e9n es un resultado de la convivencia y de la implicaci\u00f3n de los Erasmus en el territorio que les acoge\u201d.<\/p>\n<p>La lucha contra la degradaci\u00f3n del entorno natural, los incendios forestales, sus efectos y la deforestaci\u00f3n del suelo valenciano requiere la implicaci\u00f3n de todas las instituciones para conseguir una estrategia de acci\u00f3n conjunta en la que las universidades pueden jugar un papel de asesoramiento t\u00e9cnico eficaz.<br \/>\nLos seis grupos universitarios de teatro \u2013cinco espa\u00f1oles (Alicante, Madrid, Murcia, Valencia y Ja\u00e9n-Sevilla) y uno hispanoamericano (M\u00e9xico D.F.)- que participan este a\u00f1o en Las huellas de La Barraca llevar\u00e1n a cabo, durante los meses de julio y agosto, m\u00e1s de 200 representaciones en 14 Comunidades Aut\u00f3nomas (Andaluc\u00eda, Arag\u00f3n, Asturias, Cantabria, Castilla-La Mancha, Castilla y Le\u00f3n, Extremadura, Galicia, La Rioja, Madrid, Murcia, Navarra, Pa\u00eds Vasco y Comunitat Valenciana). A estas representaciones hay que sumar tambi\u00e9n la presencia de algunas de estos grupos en los festivales de teatro de Alcal\u00e1, Almagro y Olite, as\u00ed como en el Festival Internacional de Santander.<\/p>\n","protected":false},"excerpt":{"rendered":"<div class=\"mh-excerpt\">El Proyecto Teatral Europeo \u201cEscena Erasmus\u201d, impulsado por la Universitat de Val\u00e8ncia, que este a\u00f1o participa por tercer a\u00f1o consecutivo en el programa de giras teatrales \u201cLas Huellas de la Barraca\u201d, organizado por Acci\u00f3n Cultural <a class=\"mh-excerpt-more\" href=\"https:\/\/www.tucomarca.com\/wordpress\/segunda\/escena-erasmus-de-la-universitat-de-valencia-creara-una-%e2%80%9cfila-cero%e2%80%9d-en-su-espectaculo-para-ayudar-a-los-municipios-valencianos-afectados-por-los-ultimos-incendios\/\" title=\"Escena Erasmus de la Universitat de Val\u00e8ncia crear\u00e1 una \u201cfila cero\u201d en su espect\u00e1culo para ayudar a los municipios valencianos afectados por los \u00faltimos incendios\">[+] <\/a><\/div>\n","protected":false},"author":1,"featured_media":0,"comment_status":"open","ping_status":"open","sticky":false,"template":"","format":"standard","meta":{"footnotes":""},"categories":[8,72,10,3],"tags":[],"class_list":{"0":"post-5243","1":"post","2":"type-post","3":"status-publish","4":"format-standard","6":"category-la-comarca","7":"category-sin-categorizar","8":"category-la-hoya","9":"category-seccion"},"_links":{"self":[{"href":"https:\/\/www.tucomarca.com\/wordpress\/segunda\/wp-json\/wp\/v2\/posts\/5243","targetHints":{"allow":["GET"]}}],"collection":[{"href":"https:\/\/www.tucomarca.com\/wordpress\/segunda\/wp-json\/wp\/v2\/posts"}],"about":[{"href":"https:\/\/www.tucomarca.com\/wordpress\/segunda\/wp-json\/wp\/v2\/types\/post"}],"author":[{"embeddable":true,"href":"https:\/\/www.tucomarca.com\/wordpress\/segunda\/wp-json\/wp\/v2\/users\/1"}],"replies":[{"embeddable":true,"href":"https:\/\/www.tucomarca.com\/wordpress\/segunda\/wp-json\/wp\/v2\/comments?post=5243"}],"version-history":[{"count":0,"href":"https:\/\/www.tucomarca.com\/wordpress\/segunda\/wp-json\/wp\/v2\/posts\/5243\/revisions"}],"wp:attachment":[{"href":"https:\/\/www.tucomarca.com\/wordpress\/segunda\/wp-json\/wp\/v2\/media?parent=5243"}],"wp:term":[{"taxonomy":"category","embeddable":true,"href":"https:\/\/www.tucomarca.com\/wordpress\/segunda\/wp-json\/wp\/v2\/categories?post=5243"},{"taxonomy":"post_tag","embeddable":true,"href":"https:\/\/www.tucomarca.com\/wordpress\/segunda\/wp-json\/wp\/v2\/tags?post=5243"}],"curies":[{"name":"wp","href":"https:\/\/api.w.org\/{rel}","templated":true}]}}