{"id":5245,"date":"2012-07-07T11:52:40","date_gmt":"2012-07-07T09:52:40","guid":{"rendered":"http:\/\/www.tucomarca.com\/wordpress\/segunda\/?p=5245"},"modified":"2012-07-07T11:52:40","modified_gmt":"2012-07-07T09:52:40","slug":"cc-oo-pv-exige-%c2%abinversion-prevencion-y-empleo-estable%c2%bb-para-minimizar-el-riesgo-de-incendios-forestales","status":"publish","type":"post","link":"https:\/\/www.tucomarca.com\/wordpress\/segunda\/cc-oo-pv-exige-%c2%abinversion-prevencion-y-empleo-estable%c2%bb-para-minimizar-el-riesgo-de-incendios-forestales\/","title":{"rendered":"CC OO-PV exige \u00abinversi\u00f3n, prevenci\u00f3n y empleo estable\u00bb para minimizar el riesgo de incendios forestales"},"content":{"rendered":"<p>En estos momentos en que se dan las condiciones para que en muchas zonas aparezcan fuegos devastadores como el que ha calcinado m\u00e1s de 50.000 hect\u00e1reas en Valencia, CCOO PV recuerda que su extensi\u00f3n y virulencia se puede minimizar con otras pol\u00edticas y medidas. El sindicato critica que no se hayan incrementado de forma suficiente los medios de extinci\u00f3n y, sobre todo, de prevenci\u00f3n. CCOO PV apunta a los recortes como causa directa y estructural de la extensi\u00f3n del fuego y de las amenazas sobre el monte y las personas. Seg\u00fan un informe del Instituto Sindical de Trabajo Ambiente y Salud (ISTAS) de CCOO, el sistema de lucha contra incendios del Pa\u00eds Valenciano es paradigm\u00e1tico, puesto que est\u00e1 basado en la extinci\u00f3n y no en prevenci\u00f3n. En 2009, se empleaba el 70% de ese presupuesto en extinci\u00f3n y el 30% restante en prevenci\u00f3n. Solo el 8% del personal se dedicaba a prevenci\u00f3n.<\/p>\n<p>Por otra parte, la pol\u00edtica de ordenaci\u00f3n del territorio y una econom\u00eda asociada al ladrillo ha supuesto el abandono de actividades agr\u00edcolas, ganaderas, de aprovechamientos de otros recursos de los montes, de tratamientos de las masas y en definitiva una pol\u00edtica activa, muy eficaces en la prevenci\u00f3n y control de incendios forestales. CCOO PV cree que se deben agilizar las ayudas por las p\u00e9rdidas de empleo agrario y ganadero que se han producido en las zonas devastadas por el fuego.<\/p>\n<p><strong>Recortes en vigilancia preventiva y tambi\u00e9n en extinci\u00f3n<\/strong><\/p>\n<p>A pesar de la insistencia del conseller de gobernaci\u00f3n y del presidente de la Diputaci\u00f3n de Valencia, los n\u00fameros son tozudos, lo que confirma que los dos mienten. En vigilancia preventiva, ejecutada por VAERSA, el presupuesto ha pasado de 14.891.961 euros en 2009 a 10.385.000 \u20ac en 2011 y 2012, o sea una reducci\u00f3n de m\u00e1s del 30%, lo que supone 100 personas menos en la plantilla desde 2009, con reducci\u00f3n del tiempo de trabajo del conjunto del personal. Tambi\u00e9n han sufrido recortes los agentes medioambientales, dedicados a la conservaci\u00f3n de nuestro patrimonio natural, a la vigilancia, control e investigaci\u00f3n de los incendios.<\/p>\n<p>Seg\u00fan los datos del estudio sobre inversi\u00f3n y empleo en el sector forestal (informe de la patronal ASEMFO), la inversi\u00f3n total ha pasado de 142.280.698 euros en 2008\u00a0 a 105.363.492 euros en 2010. Igualmente, la partida de forestaci\u00f3n, correspondiente a restauraci\u00f3n de la cubierta vegetal, se reduce significativamente al pasar de 15.405.718 euros en 2008 a 2.099.736 euros en 2010. La creaci\u00f3n y mantenimiento de v\u00edas forestales tampoco se libra: de una media anual en 2007-2008 de 2.109.157 euros se pasa a\u00a0 1.369.382 euros en el periodo 2009-2010.<\/p>\n<p>En extinci\u00f3n, adem\u00e1s de los recortes denunciados por la secci\u00f3n sindical de CCOO en TRAGSA se suman los escuetos medios de las brigadas helitransportadas, de la empresa FORESMA, que cuenta con 3 helic\u00f3pteros durante los 12 meses del a\u00f1o (1 por provincia) y de junio a septiembre se ampl\u00eda la flota en 4 m\u00e1s.<\/p>\n<p>CCOO defiende la necesidad de que el empleo de todos los colectivos que intervienen sea estable, suficiente y de calidad, pero tambi\u00e9n en este caso los datos demuestran que\u00a0 esto tampoco se cumple. FORESMA tiene la plantilla congelada: 63 personas para toda el Pa\u00eds Valenciano desde 1994 y en la actualidad est\u00e1 pendiente de la renovaci\u00f3n de la contrata, con la incertidumbre que supone para el personal, que, adem\u00e1s tiene el convenio colectivo paralizado, y un salario que raras veces excede de 1000 euros mensuales. Con la extensi\u00f3n del fuego, fue necesario el apoyo de las unidades de Daroca.<\/p>\n<p>En el\u00a0 caso del consorcio de Bomberos no se cubren las bajas por jubilaci\u00f3n o enfermedad y se ha ampliado el horario, lo que supone tambi\u00e9n un recorte en toda regla.<\/p>\n<p>Para CCOO es incuestionable la profesionalidad de todo el colectivo de trabajadores que luchan contra le fuego, siempre en condiciones adversas, a las que se suma la carga de trabajo como consecuencia\u00a0 de los recortes de plantillas y de unidades operativas. En estas condiciones, el sindicato alerta del riesgo de que se incrementen los accidentes laborales, como lamentablemente ya ha ocurrido en estos incendios y de los que esperamos conocer el resultado de la investigaci\u00f3n. Por tanto, pide un cambio de orientaci\u00f3n en la pol\u00edtica de la lucha contra los incendios, reforzando, de forma urgente, el empleo p\u00fablico, las plantillas de las empresas, las unidades operativas y la coordinaci\u00f3n entre las diferentes administraciones p\u00fablicas responsables de los dispositivos para la prevenci\u00f3n y extinci\u00f3n de los incendios forestales.<\/p>\n","protected":false},"excerpt":{"rendered":"<div class=\"mh-excerpt\">En estos momentos en que se dan las condiciones para que en muchas zonas aparezcan fuegos devastadores como el que ha calcinado m\u00e1s de 50.000 hect\u00e1reas en Valencia, CCOO PV recuerda que su extensi\u00f3n y <a class=\"mh-excerpt-more\" href=\"https:\/\/www.tucomarca.com\/wordpress\/segunda\/cc-oo-pv-exige-%c2%abinversion-prevencion-y-empleo-estable%c2%bb-para-minimizar-el-riesgo-de-incendios-forestales\/\" title=\"CC OO-PV exige \u00abinversi\u00f3n, prevenci\u00f3n y empleo estable\u00bb para minimizar el riesgo de incendios forestales\">[+] <\/a><\/div>\n","protected":false},"author":1,"featured_media":0,"comment_status":"open","ping_status":"open","sticky":false,"template":"","format":"standard","meta":{"footnotes":""},"categories":[38,72],"tags":[],"class_list":{"0":"post-5245","1":"post","2":"type-post","3":"status-publish","4":"format-standard","6":"category-ayora-cofrentes","7":"category-sin-categorizar"},"_links":{"self":[{"href":"https:\/\/www.tucomarca.com\/wordpress\/segunda\/wp-json\/wp\/v2\/posts\/5245","targetHints":{"allow":["GET"]}}],"collection":[{"href":"https:\/\/www.tucomarca.com\/wordpress\/segunda\/wp-json\/wp\/v2\/posts"}],"about":[{"href":"https:\/\/www.tucomarca.com\/wordpress\/segunda\/wp-json\/wp\/v2\/types\/post"}],"author":[{"embeddable":true,"href":"https:\/\/www.tucomarca.com\/wordpress\/segunda\/wp-json\/wp\/v2\/users\/1"}],"replies":[{"embeddable":true,"href":"https:\/\/www.tucomarca.com\/wordpress\/segunda\/wp-json\/wp\/v2\/comments?post=5245"}],"version-history":[{"count":0,"href":"https:\/\/www.tucomarca.com\/wordpress\/segunda\/wp-json\/wp\/v2\/posts\/5245\/revisions"}],"wp:attachment":[{"href":"https:\/\/www.tucomarca.com\/wordpress\/segunda\/wp-json\/wp\/v2\/media?parent=5245"}],"wp:term":[{"taxonomy":"category","embeddable":true,"href":"https:\/\/www.tucomarca.com\/wordpress\/segunda\/wp-json\/wp\/v2\/categories?post=5245"},{"taxonomy":"post_tag","embeddable":true,"href":"https:\/\/www.tucomarca.com\/wordpress\/segunda\/wp-json\/wp\/v2\/tags?post=5245"}],"curies":[{"name":"wp","href":"https:\/\/api.w.org\/{rel}","templated":true}]}}