{"id":5248,"date":"2012-07-07T12:31:45","date_gmt":"2012-07-07T10:31:45","guid":{"rendered":"http:\/\/www.tucomarca.com\/wordpress\/segunda\/?p=5248"},"modified":"2012-07-07T12:45:16","modified_gmt":"2012-07-07T10:45:16","slug":"bellver-pp-destaca-la-%c2%abresponsabilidad-del-consell-al-aprobar-ayudas-para-los-municipios-afectados-por-los-incendios-con-maxima-celeridad%c2%bb","status":"publish","type":"post","link":"https:\/\/www.tucomarca.com\/wordpress\/segunda\/bellver-pp-destaca-la-%c2%abresponsabilidad-del-consell-al-aprobar-ayudas-para-los-municipios-afectados-por-los-incendios-con-maxima-celeridad%c2%bb\/","title":{"rendered":"Bellver (PP) destaca la \u00abresponsabilidad del Consell al aprobar ayudas para los municipios afectados por los incendios con m\u00e1xima celeridad\u00bb"},"content":{"rendered":"<p>El vicesecretario de Comunicaci\u00f3n del Partido Popular de la Comunitat Valenciana, Jorge Bellver, ha destacado la \u201cresponsabilidad del Consell al aprobar ayudas para los municipios afectados por los incendios con m\u00e1xima celeridad\u201d.<\/p>\n<p>Bellver se ha pronunciado de esta manera en relaci\u00f3n a la ayuda de 9 millones de euros que ayer aprob\u00f3 el pleno del Consell para \u00abreactivar la actividad socioecon\u00f3mica\u00bb de las zonas afectadas por los incendios de Cortes de Pall\u00e1s y Andilla y ha resaltado que el Gobierno del PP act\u00faa \u201ccon sensatez y rapidez\u201d porque \u201cla prioridad es solucionar los problemas de los ciudadanos\u201d.<\/p>\n<p>Por ello, ha subrayado, \u201clas ayudas no se aprueban para que queden en papel mojado, sino que se van a agilizar para que lleguen a los ayuntamientos antes de que finalice el mes de julio y estos puedan adelantarlos a los ciudadanos para reparar da\u00f1os en viviendas, equipamiento personal, as\u00ed como para pymes y aut\u00f3nomos, establecimientos de turismo interior y explotaciones agr\u00edcolas que se han visto da\u00f1adas por el fuego\u201d.<\/p>\n<p>De esta forma, ha indicado que ante una situaci\u00f3n \u201cextrema\u201d como la generada por un incendio, se debe actuar con \u201cpremura y responsabilidad\u201d, y es lo que ha realizado el Ejecutivo del Presidente Alberto Fabra que \u201cdesde el minuto uno ha estado en la zona afectada, movilizando todos los medios necesarios y reuni\u00e9ndose con los alcaldes de los municipios afectados para explicar la evoluci\u00f3n y conocer todas las necesidades\u201d.<\/p>\n<p>En la misma l\u00ednea, el dirigente popular ha hecho hincapi\u00e9 en que \u201cde nada sirven las actuaciones descoordinadas y por ello el presidente Fabra ha puesto en marcha una Comisi\u00f3n Interdepartamental para evaluar da\u00f1os y gestionar las ayudas que distribuir\u00e1n los propios consistorios, ya que son la administraci\u00f3n m\u00e1s cercana a los ciudadanos y la que se pueden dirigir de manera m\u00e1s inmediata\u201d.<\/p>\n<p>Finalmente, ha expresado su \u201capoyo\u201d a todos los afectados y ha manifestado que \u201cel PP y el Gobierno de la Generalitat va a seguir trabajando con rigor y seriedad para minimizar los da\u00f1os y que se pueda normalizar la situaci\u00f3n de todas las personas afectadas lo antes posible\u201d.<\/p>\n","protected":false},"excerpt":{"rendered":"<div class=\"mh-excerpt\">El vicesecretario de Comunicaci\u00f3n del Partido Popular de la Comunitat Valenciana, Jorge Bellver, ha destacado la \u201cresponsabilidad del Consell al aprobar ayudas para los municipios afectados por los incendios con m\u00e1xima celeridad\u201d. Bellver se ha <a class=\"mh-excerpt-more\" href=\"https:\/\/www.tucomarca.com\/wordpress\/segunda\/bellver-pp-destaca-la-%c2%abresponsabilidad-del-consell-al-aprobar-ayudas-para-los-municipios-afectados-por-los-incendios-con-maxima-celeridad%c2%bb\/\" title=\"Bellver (PP) destaca la \u00abresponsabilidad del Consell al aprobar ayudas para los municipios afectados por los incendios con m\u00e1xima celeridad\u00bb\">[+] <\/a><\/div>\n","protected":false},"author":1,"featured_media":0,"comment_status":"open","ping_status":"open","sticky":false,"template":"","format":"standard","meta":{"footnotes":""},"categories":[41,8,59,142,3],"tags":[],"class_list":{"0":"post-5248","1":"post","2":"type-post","3":"status-publish","4":"format-standard","6":"category-cofrentes","7":"category-la-comarca","8":"category-los-serranos","9":"category-politica-la-comarca","10":"category-seccion"},"_links":{"self":[{"href":"https:\/\/www.tucomarca.com\/wordpress\/segunda\/wp-json\/wp\/v2\/posts\/5248","targetHints":{"allow":["GET"]}}],"collection":[{"href":"https:\/\/www.tucomarca.com\/wordpress\/segunda\/wp-json\/wp\/v2\/posts"}],"about":[{"href":"https:\/\/www.tucomarca.com\/wordpress\/segunda\/wp-json\/wp\/v2\/types\/post"}],"author":[{"embeddable":true,"href":"https:\/\/www.tucomarca.com\/wordpress\/segunda\/wp-json\/wp\/v2\/users\/1"}],"replies":[{"embeddable":true,"href":"https:\/\/www.tucomarca.com\/wordpress\/segunda\/wp-json\/wp\/v2\/comments?post=5248"}],"version-history":[{"count":0,"href":"https:\/\/www.tucomarca.com\/wordpress\/segunda\/wp-json\/wp\/v2\/posts\/5248\/revisions"}],"wp:attachment":[{"href":"https:\/\/www.tucomarca.com\/wordpress\/segunda\/wp-json\/wp\/v2\/media?parent=5248"}],"wp:term":[{"taxonomy":"category","embeddable":true,"href":"https:\/\/www.tucomarca.com\/wordpress\/segunda\/wp-json\/wp\/v2\/categories?post=5248"},{"taxonomy":"post_tag","embeddable":true,"href":"https:\/\/www.tucomarca.com\/wordpress\/segunda\/wp-json\/wp\/v2\/tags?post=5248"}],"curies":[{"name":"wp","href":"https:\/\/api.w.org\/{rel}","templated":true}]}}