{"id":5261,"date":"2012-07-09T09:41:54","date_gmt":"2012-07-09T07:41:54","guid":{"rendered":"http:\/\/www.tucomarca.com\/wordpress\/segunda\/?p=5261"},"modified":"2012-07-09T09:41:54","modified_gmt":"2012-07-09T07:41:54","slug":"hector-barbera-acaba-9%c2%ba-y-adrian-martin-se-cae-en-el-ultimo-gran-premio-de-motociclismo-celebrado-en-alemania","status":"publish","type":"post","link":"https:\/\/www.tucomarca.com\/wordpress\/segunda\/hector-barbera-acaba-9%c2%ba-y-adrian-martin-se-cae-en-el-ultimo-gran-premio-de-motociclismo-celebrado-en-alemania\/","title":{"rendered":"H\u00e9ctor Barber\u00e1 acaba 9\u00ba y Adri\u00e1n Mart\u00edn se cae en el \u00faltimo Gran Premio de motociclismo celebrado en Alemania"},"content":{"rendered":"<p>El pasado fin de semana se celebr\u00f3 la 8\u00aa prueba del mundial de motociclismo en Alemania, circuito de Sachsenring, uno de los m\u00e1s cortos y revirados del mundial. Y  para colmo con entrenos libres y oficiales en seco y en lluvia y con un lleno espectacular el domingo, jornada a la que acudieron 91.000 aficionados para apoyar a sus pilotos.<br \/>\nPero como lo que nos interesa son los nuestros comenzaremos por el chivano Adri\u00e1n Mart\u00edn, quien realiz\u00f3 el mejor fin de semana del campeonato, ya que en los entrenos oficiales (con lluvia) se desenvolvi\u00f3 a las mil maravillas logrando un 3\u00ba en primera l\u00ednea de parrilla. Asi pues, las apuestas eran muy altas si llov\u00eda el domingo, y as\u00ed fue. La organizaci\u00f3n tuvo que retrasar la salida debido al aguacero que ca\u00eda. Una dura prueba en la que el joven piloto se puso primero y estuvo peleando por el podio durante 20 vueltas hasta que se cay\u00f3 a falta de 7 y cuando marchaba en 3\u00aa posici\u00f3n. Muy mala suerte despu\u00e9s del magn\u00edfico fin de semana. Mart\u00edn sigue sin puntos en la general,  pero esperemos despu\u00e9s de lo visto que aumente la fuerza y confianza para luchar con los de delante y conseguir los deseados puntos.<br \/>\nPor parte de H\u00e9ctor Barber\u00e1 ha sido otro fin de semana de muchas peleas por estar delante de las Ducati oficiales de Rossi y Hayden. Comencemos con los entrenos: muy dif\u00edciles en lluvia con gran riesgo y s\u00f3lo pudo clasificarse en 11\u00aa posici\u00f3n, pero la carrera iba a ser en seco con lo que H\u00e9ctor iba a poner toda la carne en el asador y desde elcomienzo pelear por superar a pilotos con mejor montura que la suya. As\u00ed, finaliz\u00f3 en 9\u00aa posici\u00f3n con lo que lo mantiene con 53 puntos el la tabla general (11\u00ba).  Esperemos como de costumbre a la pr\u00f3xima prueba el pr\u00f3ximo domingo en uno de los mejores y m\u00e1s bellos circuitos del mundial, en Italia ( Mugello ), a ver si el de Dos Aguas consigue situarse ya en 10\u00aa posici\u00f3n.<\/p>\n","protected":false},"excerpt":{"rendered":"<div class=\"mh-excerpt\">El pasado fin de semana se celebr\u00f3 la 8\u00aa prueba del mundial de motociclismo en Alemania, circuito de Sachsenring, uno de los m\u00e1s cortos y revirados del mundial. Y para colmo con entrenos libres y <a class=\"mh-excerpt-more\" href=\"https:\/\/www.tucomarca.com\/wordpress\/segunda\/hector-barbera-acaba-9%c2%ba-y-adrian-martin-se-cae-en-el-ultimo-gran-premio-de-motociclismo-celebrado-en-alemania\/\" title=\"H\u00e9ctor Barber\u00e1 acaba 9\u00ba y Adri\u00e1n Mart\u00edn se cae en el \u00faltimo Gran Premio de motociclismo celebrado en Alemania\">[+] <\/a><\/div>\n","protected":false},"author":2,"featured_media":0,"comment_status":"open","ping_status":"open","sticky":false,"template":"","format":"standard","meta":{"footnotes":""},"categories":[16,6,15,10,91,3],"tags":[347],"class_list":{"0":"post-5261","1":"post","2":"type-post","3":"status-publish","4":"format-standard","6":"category-chiva","7":"category-deportes","8":"category-dos-aguas","9":"category-la-hoya","10":"category-motociclismo","11":"category-seccion","12":"tag-motos"},"_links":{"self":[{"href":"https:\/\/www.tucomarca.com\/wordpress\/segunda\/wp-json\/wp\/v2\/posts\/5261","targetHints":{"allow":["GET"]}}],"collection":[{"href":"https:\/\/www.tucomarca.com\/wordpress\/segunda\/wp-json\/wp\/v2\/posts"}],"about":[{"href":"https:\/\/www.tucomarca.com\/wordpress\/segunda\/wp-json\/wp\/v2\/types\/post"}],"author":[{"embeddable":true,"href":"https:\/\/www.tucomarca.com\/wordpress\/segunda\/wp-json\/wp\/v2\/users\/2"}],"replies":[{"embeddable":true,"href":"https:\/\/www.tucomarca.com\/wordpress\/segunda\/wp-json\/wp\/v2\/comments?post=5261"}],"version-history":[{"count":0,"href":"https:\/\/www.tucomarca.com\/wordpress\/segunda\/wp-json\/wp\/v2\/posts\/5261\/revisions"}],"wp:attachment":[{"href":"https:\/\/www.tucomarca.com\/wordpress\/segunda\/wp-json\/wp\/v2\/media?parent=5261"}],"wp:term":[{"taxonomy":"category","embeddable":true,"href":"https:\/\/www.tucomarca.com\/wordpress\/segunda\/wp-json\/wp\/v2\/categories?post=5261"},{"taxonomy":"post_tag","embeddable":true,"href":"https:\/\/www.tucomarca.com\/wordpress\/segunda\/wp-json\/wp\/v2\/tags?post=5261"}],"curies":[{"name":"wp","href":"https:\/\/api.w.org\/{rel}","templated":true}]}}