{"id":5263,"date":"2012-07-09T09:47:09","date_gmt":"2012-07-09T07:47:09","guid":{"rendered":"http:\/\/www.tucomarca.com\/wordpress\/segunda\/?p=5263"},"modified":"2012-07-09T09:47:09","modified_gmt":"2012-07-09T07:47:09","slug":"ximo-puig-psoe-visita-este-lunes-dos-aguas-para-reunirse-con-alcaldes-de-los-pueblos-afectados-por-el-incendio","status":"publish","type":"post","link":"https:\/\/www.tucomarca.com\/wordpress\/segunda\/ximo-puig-psoe-visita-este-lunes-dos-aguas-para-reunirse-con-alcaldes-de-los-pueblos-afectados-por-el-incendio\/","title":{"rendered":"Ximo Puig (PSOE) visita este lunes Dos Aguas para reunirse con alcaldes de los pueblos afectados por el incendio"},"content":{"rendered":"<p>El secretario general del PSPV-PSOE, Ximo Puig, se desplaza en la tarde de hoy lunes a Dos Aguas para reunirse con alcaldes, concejales de las localidades que se han visto implicadas en el incendio de Cortes de Pall\u00e1s a fin de abordar medidas para la recuperaci\u00f3n de la zona siniestrada y atenci\u00f3n de los da\u00f1os. Con posterioridad tiene previsto viajar hasta Montroi.<\/p>\n","protected":false},"excerpt":{"rendered":"<div class=\"mh-excerpt\">El secretario general del PSPV-PSOE, Ximo Puig, se desplaza en la tarde de hoy lunes a Dos Aguas para reunirse con alcaldes, concejales de las localidades que se han visto implicadas en el incendio de <a class=\"mh-excerpt-more\" href=\"https:\/\/www.tucomarca.com\/wordpress\/segunda\/ximo-puig-psoe-visita-este-lunes-dos-aguas-para-reunirse-con-alcaldes-de-los-pueblos-afectados-por-el-incendio\/\" title=\"Ximo Puig (PSOE) visita este lunes Dos Aguas para reunirse con alcaldes de los pueblos afectados por el incendio\">[+] <\/a><\/div>\n","protected":false},"author":2,"featured_media":0,"comment_status":"open","ping_status":"open","sticky":false,"template":"","format":"standard","meta":{"footnotes":""},"categories":[15,8,10,142,3],"tags":[348],"class_list":{"0":"post-5263","1":"post","2":"type-post","3":"status-publish","4":"format-standard","6":"category-dos-aguas","7":"category-la-comarca","8":"category-la-hoya","9":"category-politica-la-comarca","10":"category-seccion","11":"tag-puig"},"_links":{"self":[{"href":"https:\/\/www.tucomarca.com\/wordpress\/segunda\/wp-json\/wp\/v2\/posts\/5263","targetHints":{"allow":["GET"]}}],"collection":[{"href":"https:\/\/www.tucomarca.com\/wordpress\/segunda\/wp-json\/wp\/v2\/posts"}],"about":[{"href":"https:\/\/www.tucomarca.com\/wordpress\/segunda\/wp-json\/wp\/v2\/types\/post"}],"author":[{"embeddable":true,"href":"https:\/\/www.tucomarca.com\/wordpress\/segunda\/wp-json\/wp\/v2\/users\/2"}],"replies":[{"embeddable":true,"href":"https:\/\/www.tucomarca.com\/wordpress\/segunda\/wp-json\/wp\/v2\/comments?post=5263"}],"version-history":[{"count":0,"href":"https:\/\/www.tucomarca.com\/wordpress\/segunda\/wp-json\/wp\/v2\/posts\/5263\/revisions"}],"wp:attachment":[{"href":"https:\/\/www.tucomarca.com\/wordpress\/segunda\/wp-json\/wp\/v2\/media?parent=5263"}],"wp:term":[{"taxonomy":"category","embeddable":true,"href":"https:\/\/www.tucomarca.com\/wordpress\/segunda\/wp-json\/wp\/v2\/categories?post=5263"},{"taxonomy":"post_tag","embeddable":true,"href":"https:\/\/www.tucomarca.com\/wordpress\/segunda\/wp-json\/wp\/v2\/tags?post=5263"}],"curies":[{"name":"wp","href":"https:\/\/api.w.org\/{rel}","templated":true}]}}