{"id":5306,"date":"2012-07-10T19:20:54","date_gmt":"2012-07-10T17:20:54","guid":{"rendered":"http:\/\/www.tucomarca.com\/wordpress\/segunda\/?p=5306"},"modified":"2012-07-10T19:22:07","modified_gmt":"2012-07-10T17:22:07","slug":"serafin-castellano-concreta-con-los-alcaldes-de-yatova-andilla-dos-aguas-y-altura-las-ayudas-tras-los-danos-ocasionados-por-los-incendios","status":"publish","type":"post","link":"https:\/\/www.tucomarca.com\/wordpress\/segunda\/serafin-castellano-concreta-con-los-alcaldes-de-yatova-andilla-dos-aguas-y-altura-las-ayudas-tras-los-danos-ocasionados-por-los-incendios\/","title":{"rendered":"Seraf\u00edn Castellano concreta con los alcaldes de Y\u00e1tova, Andilla, Dos Aguas y Altura las ayudas tras los da\u00f1os ocasionados por los incendios"},"content":{"rendered":"<figure id=\"attachment_5307\" aria-describedby=\"caption-attachment-5307\" style=\"width: 300px\" class=\"wp-caption alignleft\"><a href=\"https:\/\/www.tucomarca.com\/wordpress\/segunda\/wp-content\/uploads\/2012\/07\/alcalede_dos_aguas.jpg\"><img loading=\"lazy\" decoding=\"async\" class=\"size-medium wp-image-5307\" title=\"alcalede_dos_aguas\" src=\"https:\/\/www.tucomarca.com\/wordpress\/segunda\/wp-content\/uploads\/2012\/07\/alcalede_dos_aguas-300x225.jpg\" alt=\"El alcalde de Dos Aguas junto con el conseller.\" width=\"300\" height=\"225\" \/><\/a><figcaption id=\"caption-attachment-5307\" class=\"wp-caption-text\">El alcalde de Dos Aguas junto con el conseller.<\/figcaption><\/figure>\n<p>El conseller de Gobernaci\u00f3n, Seraf\u00edn Castellano, se ha reunido hoy con  los alcaldes de Y\u00e1tova, Andilla, Dos Aguas y Altura, para concretar las  ayudas tras los da\u00f1os ocasionados por los incendios forestales.<\/p>\n<p>Castellano ha recordado que ma\u00f1ana entrar\u00e1 en vigor el Decreto  del Consell sobre ayudas y medidas para paliar los da\u00f1os producidos por  los incendios iniciados en los t\u00e9rminos municipales valencianos de  Cortes de Pall\u00e1s y Andilla, y ha reiterado que el Consell \u00abse ha puesto a  trabajar desde el minuto cero para concretar las ayudas encaminadas a  la reactivaci\u00f3n socioecon\u00f3mica de los municipios afectados\u00bb.<\/p>\n<p>Por su parte, la secretaria auton\u00f3mica de Gobernaci\u00f3n, Asunci\u00f3n  Quinz\u00e1, se ha reunido con los alcaldes de Tous, Alcublas, Bej\u00eds, Viver,  J\u00e9rica y Ll\u00edria. Asimismo, la directora general de Prevenci\u00f3n,  Extinci\u00f3n de Incendios y Emergencias, Irene Rodr\u00edguez, ha analizado con  los alcaldes de Macastre, Cortes de Pall\u00e1s y Tur\u00eds, las necesidades de  estos municipios tras los incendios.<\/p>\n","protected":false},"excerpt":{"rendered":"<div class=\"mh-excerpt\">El conseller de Gobernaci\u00f3n, Seraf\u00edn Castellano, se ha reunido hoy con los alcaldes de Y\u00e1tova, Andilla, Dos Aguas y Altura, para concretar las ayudas tras los da\u00f1os ocasionados por los incendios forestales. Castellano ha recordado <a class=\"mh-excerpt-more\" href=\"https:\/\/www.tucomarca.com\/wordpress\/segunda\/serafin-castellano-concreta-con-los-alcaldes-de-yatova-andilla-dos-aguas-y-altura-las-ayudas-tras-los-danos-ocasionados-por-los-incendios\/\" title=\"Seraf\u00edn Castellano concreta con los alcaldes de Y\u00e1tova, Andilla, Dos Aguas y Altura las ayudas tras los da\u00f1os ocasionados por los incendios\">[+] <\/a><\/div>\n","protected":false},"author":1,"featured_media":5307,"comment_status":"open","ping_status":"open","sticky":false,"template":"","format":"standard","meta":{"footnotes":""},"categories":[19,15,8,10,13,117,3,116,45,11],"tags":[],"class_list":{"0":"post-5306","1":"post","2":"type-post","3":"status-publish","4":"format-standard","5":"has-post-thumbnail","7":"category-alborache","8":"category-dos-aguas","9":"category-la-comarca","10":"category-la-hoya","11":"category-macastre","12":"category-medio-ambiente-la-comarca","13":"category-seccion","14":"category-sucesos-la-comarca","15":"category-ventana","16":"category-yatova"},"_links":{"self":[{"href":"https:\/\/www.tucomarca.com\/wordpress\/segunda\/wp-json\/wp\/v2\/posts\/5306","targetHints":{"allow":["GET"]}}],"collection":[{"href":"https:\/\/www.tucomarca.com\/wordpress\/segunda\/wp-json\/wp\/v2\/posts"}],"about":[{"href":"https:\/\/www.tucomarca.com\/wordpress\/segunda\/wp-json\/wp\/v2\/types\/post"}],"author":[{"embeddable":true,"href":"https:\/\/www.tucomarca.com\/wordpress\/segunda\/wp-json\/wp\/v2\/users\/1"}],"replies":[{"embeddable":true,"href":"https:\/\/www.tucomarca.com\/wordpress\/segunda\/wp-json\/wp\/v2\/comments?post=5306"}],"version-history":[{"count":0,"href":"https:\/\/www.tucomarca.com\/wordpress\/segunda\/wp-json\/wp\/v2\/posts\/5306\/revisions"}],"wp:featuredmedia":[{"embeddable":true,"href":"https:\/\/www.tucomarca.com\/wordpress\/segunda\/wp-json\/wp\/v2\/media\/5307"}],"wp:attachment":[{"href":"https:\/\/www.tucomarca.com\/wordpress\/segunda\/wp-json\/wp\/v2\/media?parent=5306"}],"wp:term":[{"taxonomy":"category","embeddable":true,"href":"https:\/\/www.tucomarca.com\/wordpress\/segunda\/wp-json\/wp\/v2\/categories?post=5306"},{"taxonomy":"post_tag","embeddable":true,"href":"https:\/\/www.tucomarca.com\/wordpress\/segunda\/wp-json\/wp\/v2\/tags?post=5306"}],"curies":[{"name":"wp","href":"https:\/\/api.w.org\/{rel}","templated":true}]}}