{"id":5314,"date":"2012-07-10T22:07:12","date_gmt":"2012-07-10T20:07:12","guid":{"rendered":"http:\/\/www.tucomarca.com\/wordpress\/segunda\/?p=5314"},"modified":"2012-07-10T22:07:12","modified_gmt":"2012-07-10T20:07:12","slug":"gran-nivel-en-el-segundo-concurso-de-jovenes-pianistas-de-la-unio-de-benaguasil","status":"publish","type":"post","link":"https:\/\/www.tucomarca.com\/wordpress\/segunda\/gran-nivel-en-el-segundo-concurso-de-jovenes-pianistas-de-la-unio-de-benaguasil\/","title":{"rendered":"Gran nivel en el segundo concurso de j\u00f3venes pianistas de La Uni\u00f3 de Benaguasil"},"content":{"rendered":"<p style=\"text-align: left;\">\n<figure id=\"attachment_5315\" aria-describedby=\"caption-attachment-5315\" style=\"width: 574px\" class=\"wp-caption aligncenter\"><a href=\"https:\/\/www.tucomarca.com\/wordpress\/segunda\/wp-content\/uploads\/2012\/07\/IMG_3859-1.jpg\"><img loading=\"lazy\" decoding=\"async\" class=\"size-large wp-image-5315  \" title=\"IMG_3859-1\" src=\"https:\/\/www.tucomarca.com\/wordpress\/segunda\/wp-content\/uploads\/2012\/07\/IMG_3859-1-1024x503.jpg\" alt=\"J\u00f3venes participantes en el concurso de La Uni\u00f3 de Benaguasil.\" width=\"574\" height=\"282\" srcset=\"https:\/\/www.tucomarca.com\/wordpress\/segunda\/wp-content\/uploads\/2012\/07\/IMG_3859-1-1024x503.jpg 1024w, https:\/\/www.tucomarca.com\/wordpress\/segunda\/wp-content\/uploads\/2012\/07\/IMG_3859-1-300x147.jpg 300w\" sizes=\"auto, (max-width: 574px) 100vw, 574px\" \/><\/a><figcaption id=\"caption-attachment-5315\" class=\"wp-caption-text\">J\u00f3venes participantes en el concurso de La Uni\u00f3 de Benaguasil.<\/figcaption><\/figure>\n<p>El primer fin de semana de julio se ha celebrado el segundo Concurso Internacional para j\u00f3venes pianistas Uni\u00f3 Musical de Benaguasil, que ha contado con un gran nivel de interpretaci\u00f3n en sendas categor\u00edas durante las fases del concurso. Un nivel extraordinario que demuestra la gran cantera de pianistas que quieren tomar protagonismo en el mundo de la m\u00fasica, como han informado desde la sociedad.<\/p>\n<p style=\"text-align: left;\">Desde La Uni\u00f3 han destacado qeu se han logrado\u00abtodas sus aspiraciones, tanto en la promoci\u00f3n de los j\u00f3venes pianista en su desarrollo art\u00edstico, as\u00ed como el compartir experiencias entre todos ellos\u00bb.\u00ab<\/p>\n<p style=\"text-align: left;\">\u00abTarea complicada y dif\u00edcil la del jurado que siguiendo las pautas de la pasada edici\u00f3n aplic\u00f3 equidad y transparencia en su veredicto final\u00bb.<\/p>\n<p style=\"text-align: left;\">Rafael Salinas, el director art\u00edstico del concurso agradeci\u00f3 la implicaci\u00f3n de los padres en este bello proyecto con sus hijos. Se congratul\u00f3 por hacer realidad la idea de supeditar el aprendizaje a la competici\u00f3n entre los participantes, tomando como referente este punto de encuentro para compartir momentos de m\u00fasica.<\/p>\n<p style=\"text-align: left;\">El presidente de la entidad organizadora, Jos\u00e9 Sarri\u00f3n, apost\u00f3 firmemente \u00abporque este concurso se hiciera hueco en el mundo pian\u00edstico nacional\u00bb. Dio las gracias a todos los asistentes en la clausura; familiares, patrocinadores, p\u00fablico en general, tambi\u00e9n a las autoridades de la villa, entre ellas el alcalde, Jos\u00e9 Joaqu\u00edn Segarra Castillo, y la concejala de Cultura, Ana Segarra Dur\u00e1.<\/p>\n<p style=\"text-align: left;\">Los premios de este an\u0303o se repartieron entre int\u00e9rpretes de toda la geograf\u00eda nacional e internacional.<\/p>\n<p style=\"text-align: left;\">Premios especiales<\/p>\n<p style=\"text-align: left;\">*Premio al mejor clasificado hasta diez an\u0303os.<br \/>\nDaniel Weronsky Falc\u00f3 de San Cugat de Valles (Barcelona)<br \/>\n*Premio a la mejor interpretaci\u00f3n de una obra de Chopin.<br \/>\nPolina P\u00e1nkina de San Petersburgo (Rusia)<\/p>\n<p style=\"text-align: left;\">Categor\u00eda B (hasta 13 an\u0303os)<\/p>\n<p style=\"text-align: left;\">*Primer premio<br \/>\nMar Valor Navarro de Valencia<br \/>\n*Segundo premio<br \/>\nMar\u00eda Linares Molero de Valencia<br \/>\n*Tercer premio (ex aequo)<br \/>\nJuan Pablo Rodr\u00edguez Orico de Molins de Rei (Barcelona) Carlos Santo Mart\u00ednez de Elda (Alicante)<br \/>\nCategor\u00eda A (hasta 16 an\u0303os)<br \/>\n*Primer premio Desierto *Segundo premio (ex aequo) Borja Asensi Flores de Benaguasil (Valencia) Joan Ram\u00f3n Salam\u00f3. Labat de Fraga (Huesca) *Tercer premio (ex aequo) Pablo Manso Garc\u00eda-Maurin\u0303o de Albacete Renata Obszarny Llos\u00e1 de Benaguasil (Valencia)<\/p>\n","protected":false},"excerpt":{"rendered":"<div class=\"mh-excerpt\">El primer fin de semana de julio se ha celebrado el segundo Concurso Internacional para j\u00f3venes pianistas Uni\u00f3 Musical de Benaguasil, que ha contado con un gran nivel de interpretaci\u00f3n en sendas categor\u00edas durante las <a class=\"mh-excerpt-more\" href=\"https:\/\/www.tucomarca.com\/wordpress\/segunda\/gran-nivel-en-el-segundo-concurso-de-jovenes-pianistas-de-la-unio-de-benaguasil\/\" title=\"Gran nivel en el segundo concurso de j\u00f3venes pianistas de La Uni\u00f3 de Benaguasil\">[+] <\/a><\/div>\n","protected":false},"author":1,"featured_media":5315,"comment_status":"open","ping_status":"open","sticky":false,"template":"","format":"standard","meta":{"footnotes":""},"categories":[172,46,66,7,3,45],"tags":[],"class_list":{"0":"post-5314","1":"post","2":"type-post","3":"status-publish","4":"format-standard","5":"has-post-thumbnail","7":"category-benaguasil","8":"category-camp-de-turia","9":"category-musica","10":"category-ocio-y-cultura","11":"category-seccion","12":"category-ventana"},"_links":{"self":[{"href":"https:\/\/www.tucomarca.com\/wordpress\/segunda\/wp-json\/wp\/v2\/posts\/5314","targetHints":{"allow":["GET"]}}],"collection":[{"href":"https:\/\/www.tucomarca.com\/wordpress\/segunda\/wp-json\/wp\/v2\/posts"}],"about":[{"href":"https:\/\/www.tucomarca.com\/wordpress\/segunda\/wp-json\/wp\/v2\/types\/post"}],"author":[{"embeddable":true,"href":"https:\/\/www.tucomarca.com\/wordpress\/segunda\/wp-json\/wp\/v2\/users\/1"}],"replies":[{"embeddable":true,"href":"https:\/\/www.tucomarca.com\/wordpress\/segunda\/wp-json\/wp\/v2\/comments?post=5314"}],"version-history":[{"count":0,"href":"https:\/\/www.tucomarca.com\/wordpress\/segunda\/wp-json\/wp\/v2\/posts\/5314\/revisions"}],"wp:featuredmedia":[{"embeddable":true,"href":"https:\/\/www.tucomarca.com\/wordpress\/segunda\/wp-json\/wp\/v2\/media\/5315"}],"wp:attachment":[{"href":"https:\/\/www.tucomarca.com\/wordpress\/segunda\/wp-json\/wp\/v2\/media?parent=5314"}],"wp:term":[{"taxonomy":"category","embeddable":true,"href":"https:\/\/www.tucomarca.com\/wordpress\/segunda\/wp-json\/wp\/v2\/categories?post=5314"},{"taxonomy":"post_tag","embeddable":true,"href":"https:\/\/www.tucomarca.com\/wordpress\/segunda\/wp-json\/wp\/v2\/tags?post=5314"}],"curies":[{"name":"wp","href":"https:\/\/api.w.org\/{rel}","templated":true}]}}