{"id":5330,"date":"2012-07-11T17:32:06","date_gmt":"2012-07-11T15:32:06","guid":{"rendered":"http:\/\/www.tucomarca.com\/wordpress\/segunda\/?p=5330"},"modified":"2012-07-11T17:32:06","modified_gmt":"2012-07-11T15:32:06","slug":"la-diputacion-comienza-las-obras-para-restablecer-el-suministro-de-agua-en-macastre","status":"publish","type":"post","link":"https:\/\/www.tucomarca.com\/wordpress\/segunda\/la-diputacion-comienza-las-obras-para-restablecer-el-suministro-de-agua-en-macastre\/","title":{"rendered":"La Diputaci\u00f3n comienza las obras para restablecer el suministro de agua en Macastre"},"content":{"rendered":"<p>La Diputaci\u00f3n de Valencia ha comenzado hoy los movimientos de  tierras y tala de \u00e1rboles quemados previos a las obras de  restablecimiento del suministro de agua potable en el pozo que abastece  la zona de \u2018Llanorel\u2019 y la partida de \u2018Cuerna\u2019 en el t\u00e9rmino municipal  de Macastre.<\/p>\n<div>\n<p>Desde hace varios d\u00edas la \u2018Bravo Delta Monserrat\u2019, brigada de segunda  intervenci\u00f3n de IMELSA, est\u00e1 limpiando la zona y despejando el  per\u00edmetro en donde las m\u00e1quinas han comenzado esta misma ma\u00f1ana los  movimientos de tierras. \u201cEn primer lugar -explica Jos\u00e9 Vicente Tamarit,  coordinador de las brigadas forestales de IMELSA-, ha sido necesario  realizar tareas de limpieza para que los t\u00e9cnicos puedan intervenir y  comenzar la instalaci\u00f3n de las nuevas tuber\u00edas de abastecimiento de agua  en la zona\u201d.<\/p>\n<p>Por su parte, Mar\u00eda Jos\u00e9 Casero, alcaldesa de Macastre, ha querido  destacar la celeridad del inicio de estas intervenciones ya que, en  menos de dos semanas, este municipio de la Hoya de Bunyol, \u201ccon cerca de  2.600 hect\u00e1reas afectadas por los incendios forestales, contar\u00e1 con una  canalizaci\u00f3n enterrada de 300 metros de tuber\u00eda de polietileno de alta  densidad de 200 mil\u00edmetros de di\u00e1metro, que devolver\u00e1 el abastecimiento  de agua potable a las zonas afectadas\u201d.<\/p>\n<p>\u201cEl comienzo de los trabajos no puede haber sido m\u00e1s r\u00e1pido. Para  Macastre han sido d\u00edas muy duros. Gracias a la Diputaci\u00f3n hoy podemos  decir que vamos recuperando la normalidad tras el siniestro\u201d abund\u00f3  Casero.<br \/>\n<strong>Reconocimiento a brigadistas y bomberos<\/strong><\/p>\n<p>La Diputaci\u00f3n de Valencia, a trav\u00e9s de Imelsa y del Consorcio  Provincial de Bomberos, moviliz\u00f3 a mil efectivos para la extinci\u00f3n de  los incendios forestales de Cortes de Pall\u00e1s y Andilla.<\/p>\n<p>Imelsa cuenta con una partida inicial de 500.000 euros para financiar  estas actuaciones inmediatas, en las que aprovechar\u00e1 los conocimientos y  la experiencia de sus brigadas forestales, que han intervenido en la  extinci\u00f3n de los incendios, sobre los territorios, lo que permitir\u00e1 que  las intervenciones sean m\u00e1s eficaces e inmediatas.<br \/>\n<strong>Actuaciones r\u00e1pida<\/strong><\/p>\n<p>Una vez subsanadas las deficiencias en las redes de abastecimiento de  agua en los municipios, que es lo prioritario, la instituci\u00f3n iniciar\u00e1  las actuaciones pertinentes en carreteras y caminos da\u00f1ados o  erosionados por los incendios, de acuerdo con la valoraci\u00f3n t\u00e9cnica y  los requerimientos de los alcaldes, seg\u00fan se comprometi\u00f3 el presidente  Alfonso Rus con los propios ediles.<\/p>\n<p>Para ello, la corporaci\u00f3n provincial ha constituido una Comisi\u00f3n  T\u00e9cnica Interdisciplinar, dirigida por el vicepresidente Juan Jos\u00e9  Medina, con t\u00e9cnicos de sus servicios de Cooperaci\u00f3n, Asesoramiento  Municipal y Carreteras, que coordinar\u00e1 las ayudas de la instituci\u00f3n a  los consistorios seg\u00fan sus necesidades.<\/p>\n<\/div>\n","protected":false},"excerpt":{"rendered":"<div class=\"mh-excerpt\">La Diputaci\u00f3n de Valencia ha comenzado hoy los movimientos de tierras y tala de \u00e1rboles quemados previos a las obras de restablecimiento del suministro de agua potable en el pozo que abastece la zona de <a class=\"mh-excerpt-more\" href=\"https:\/\/www.tucomarca.com\/wordpress\/segunda\/la-diputacion-comienza-las-obras-para-restablecer-el-suministro-de-agua-en-macastre\/\" title=\"La Diputaci\u00f3n comienza las obras para restablecer el suministro de agua en Macastre\">[+] <\/a><\/div>\n","protected":false},"author":1,"featured_media":5331,"comment_status":"open","ping_status":"open","sticky":false,"template":"","format":"standard","meta":{"footnotes":""},"categories":[8,10,13,3,45],"tags":[],"class_list":{"0":"post-5330","1":"post","2":"type-post","3":"status-publish","4":"format-standard","5":"has-post-thumbnail","7":"category-la-comarca","8":"category-la-hoya","9":"category-macastre","10":"category-seccion","11":"category-ventana"},"_links":{"self":[{"href":"https:\/\/www.tucomarca.com\/wordpress\/segunda\/wp-json\/wp\/v2\/posts\/5330","targetHints":{"allow":["GET"]}}],"collection":[{"href":"https:\/\/www.tucomarca.com\/wordpress\/segunda\/wp-json\/wp\/v2\/posts"}],"about":[{"href":"https:\/\/www.tucomarca.com\/wordpress\/segunda\/wp-json\/wp\/v2\/types\/post"}],"author":[{"embeddable":true,"href":"https:\/\/www.tucomarca.com\/wordpress\/segunda\/wp-json\/wp\/v2\/users\/1"}],"replies":[{"embeddable":true,"href":"https:\/\/www.tucomarca.com\/wordpress\/segunda\/wp-json\/wp\/v2\/comments?post=5330"}],"version-history":[{"count":0,"href":"https:\/\/www.tucomarca.com\/wordpress\/segunda\/wp-json\/wp\/v2\/posts\/5330\/revisions"}],"wp:featuredmedia":[{"embeddable":true,"href":"https:\/\/www.tucomarca.com\/wordpress\/segunda\/wp-json\/wp\/v2\/media\/5331"}],"wp:attachment":[{"href":"https:\/\/www.tucomarca.com\/wordpress\/segunda\/wp-json\/wp\/v2\/media?parent=5330"}],"wp:term":[{"taxonomy":"category","embeddable":true,"href":"https:\/\/www.tucomarca.com\/wordpress\/segunda\/wp-json\/wp\/v2\/categories?post=5330"},{"taxonomy":"post_tag","embeddable":true,"href":"https:\/\/www.tucomarca.com\/wordpress\/segunda\/wp-json\/wp\/v2\/tags?post=5330"}],"curies":[{"name":"wp","href":"https:\/\/api.w.org\/{rel}","templated":true}]}}