{"id":5334,"date":"2012-07-11T16:34:58","date_gmt":"2012-07-11T14:34:58","guid":{"rendered":"http:\/\/www.tucomarca.com\/wordpress\/segunda\/?p=5334"},"modified":"2012-07-11T17:35:52","modified_gmt":"2012-07-11T15:35:52","slug":"la-diputacion-aprueba-una-modificacion-de-500-000-euros-para-ayudar-a-los-ayuntamientos-afectados-por-los-incendios","status":"publish","type":"post","link":"https:\/\/www.tucomarca.com\/wordpress\/segunda\/la-diputacion-aprueba-una-modificacion-de-500-000-euros-para-ayudar-a-los-ayuntamientos-afectados-por-los-incendios\/","title":{"rendered":"La Diputaci\u00f3n aprueba una modificaci\u00f3n de 500.000 euros para ayudar a los ayuntamientos afectados por los incendios"},"content":{"rendered":"<p>La Comisi\u00f3n de Hacienda de la Diputaci\u00f3n de Valencia ha aprobado hoy  por unanimidad una modificaci\u00f3n presupuestaria de 500.000 euros para  abonar a los ayuntamientos afectados por los incendios forestales de  Andilla y Cortes de Pall\u00e1s las primeras ayudas econ\u00f3micas con las que  restablecer la normalidad en las infraestructuras b\u00e1sicas de estos  municipios.<\/p>\n<p>La Diputaci\u00f3n ha comenzado a reponer, a trav\u00e9s de la empresa p\u00fablica  Imelsa, los dep\u00f3sitos y conducciones de agua en las poblaciones m\u00e1s  afectadas por los siniestros, con el fin de garantizar el suministro a  los ciudadanos y cubrir una de sus necesidades m\u00e1s inmediatas.<\/p>\n<p>T\u00e9cnicos de la corporaci\u00f3n provincial visitaron el pasado fin de  semana Andilla, Macastre, Alcublas y Cortes de Pall\u00e1s, localidades con  necesidades m\u00e1s urgentes de este tipo, con el fin de conocer, en  contacto directo con los alcaldes, las infraestructuras que han da\u00f1ado  los incendios y comenzar a realizar esta misma semana las actuaciones  m\u00e1s urgentes.<\/p>\n","protected":false},"excerpt":{"rendered":"<div class=\"mh-excerpt\">La Comisi\u00f3n de Hacienda de la Diputaci\u00f3n de Valencia ha aprobado hoy por unanimidad una modificaci\u00f3n presupuestaria de 500.000 euros para abonar a los ayuntamientos afectados por los incendios forestales de Andilla y Cortes de <a class=\"mh-excerpt-more\" href=\"https:\/\/www.tucomarca.com\/wordpress\/segunda\/la-diputacion-aprueba-una-modificacion-de-500-000-euros-para-ayudar-a-los-ayuntamientos-afectados-por-los-incendios\/\" title=\"La Diputaci\u00f3n aprueba una modificaci\u00f3n de 500.000 euros para ayudar a los ayuntamientos afectados por los incendios\">[+] <\/a><\/div>\n","protected":false},"author":1,"featured_media":0,"comment_status":"open","ping_status":"open","sticky":false,"template":"","format":"standard","meta":{"footnotes":""},"categories":[40,8,59,3],"tags":[],"class_list":{"0":"post-5334","1":"post","2":"type-post","3":"status-publish","4":"format-standard","6":"category-cortes-de-pallas","7":"category-la-comarca","8":"category-los-serranos","9":"category-seccion"},"_links":{"self":[{"href":"https:\/\/www.tucomarca.com\/wordpress\/segunda\/wp-json\/wp\/v2\/posts\/5334","targetHints":{"allow":["GET"]}}],"collection":[{"href":"https:\/\/www.tucomarca.com\/wordpress\/segunda\/wp-json\/wp\/v2\/posts"}],"about":[{"href":"https:\/\/www.tucomarca.com\/wordpress\/segunda\/wp-json\/wp\/v2\/types\/post"}],"author":[{"embeddable":true,"href":"https:\/\/www.tucomarca.com\/wordpress\/segunda\/wp-json\/wp\/v2\/users\/1"}],"replies":[{"embeddable":true,"href":"https:\/\/www.tucomarca.com\/wordpress\/segunda\/wp-json\/wp\/v2\/comments?post=5334"}],"version-history":[{"count":0,"href":"https:\/\/www.tucomarca.com\/wordpress\/segunda\/wp-json\/wp\/v2\/posts\/5334\/revisions"}],"wp:attachment":[{"href":"https:\/\/www.tucomarca.com\/wordpress\/segunda\/wp-json\/wp\/v2\/media?parent=5334"}],"wp:term":[{"taxonomy":"category","embeddable":true,"href":"https:\/\/www.tucomarca.com\/wordpress\/segunda\/wp-json\/wp\/v2\/categories?post=5334"},{"taxonomy":"post_tag","embeddable":true,"href":"https:\/\/www.tucomarca.com\/wordpress\/segunda\/wp-json\/wp\/v2\/tags?post=5334"}],"curies":[{"name":"wp","href":"https:\/\/api.w.org\/{rel}","templated":true}]}}