{"id":53357,"date":"2017-01-16T13:56:50","date_gmt":"2017-01-16T10:56:50","guid":{"rendered":"http:\/\/www.tucomarca.com\/wordpress\/segunda\/?p=53357"},"modified":"2017-01-16T13:56:50","modified_gmt":"2017-01-16T10:56:50","slug":"bunol-participara-un-ano-mas-en-fitur-con-paquetes-promocionales-de-rutas-alojamiento-y-actividades-al-aire-libre","status":"publish","type":"post","link":"https:\/\/www.tucomarca.com\/wordpress\/segunda\/bunol-participara-un-ano-mas-en-fitur-con-paquetes-promocionales-de-rutas-alojamiento-y-actividades-al-aire-libre\/","title":{"rendered":"Bu\u00f1ol participar\u00e1 un a\u00f1o m\u00e1s en Fitur con paquetes promocionales de rutas, alojamiento y actividades al aire libre"},"content":{"rendered":"<figure id=\"attachment_46142\" aria-describedby=\"caption-attachment-46142\" style=\"width: 300px\" class=\"wp-caption alignleft\"><a href=\"https:\/\/www.tucomarca.com\/wordpress\/segunda\/wp-content\/uploads\/2016\/04\/castillo2.jpg\"><img loading=\"lazy\" decoding=\"async\" class=\"size-medium wp-image-46142\" title=\"castillo2\" src=\"https:\/\/www.tucomarca.com\/wordpress\/segunda\/wp-content\/uploads\/2016\/04\/castillo2-300x199.jpg\" alt=\"Una perspectiva a\u00e9rea del castillo de Bu\u00f1ol.\" width=\"300\" height=\"199\" srcset=\"https:\/\/www.tucomarca.com\/wordpress\/segunda\/wp-content\/uploads\/2016\/04\/castillo2-300x199.jpg 300w, https:\/\/www.tucomarca.com\/wordpress\/segunda\/wp-content\/uploads\/2016\/04\/castillo2.jpg 1024w\" sizes=\"auto, (max-width: 300px) 100vw, 300px\" \/><\/a><figcaption id=\"caption-attachment-46142\" class=\"wp-caption-text\">Una perspectiva a\u00e9rea del castillo de Bu\u00f1ol.<\/figcaption><\/figure>\n<p>La Feria Internacional de Turismo, Fitur 2017, que se celebra esta semana (concretamente del mi\u00e9rcoles 18 al domingo 22 de enero), volver\u00e1 a recoger los principales lugares tur\u00edsticos m\u00e1s importantes del mundo. Y entre ellos estar\u00e1 nuevamente la localidad de Bu\u00f1ol. Junto al paraguas de la Diputaci\u00f3n de Valencia, este municipio ofrecer\u00e1 un paquete promocional de diversos productos tur\u00edsticos para venir y conocer Bu\u00f1ol desde todos los puntos de vista.<\/p>\n<p>Manuel Sierra, el concejal de Turismo del Ayuntamiento de Bu\u00f1ol, ha confirmado la presencia de Bu\u00f1ol con productos concretos: \u00abvisitas guiadas y teatralizadas al castillo, as\u00ed como al entorno urbano; rutas de senderismo y barranquismo por los bellos parajes medioambientales; y packs promocionales de alojamientos hoteleros en la localidad\u00bb, tal como ha explicado el responsable del \u00e1rea de Turismo de la localidad.<\/p>\n<p>Desde el Ayuntamiento de Bu\u00f1ol apuestan por esta feria internacional, \u00abaunque durante todo este a\u00f1o se va a continuar con la promoci\u00f3n del municipio, a niveles auton\u00f3micos y nacionales, con presencia en ferias nacionales, acompa\u00f1ados por la Diputaci\u00f3n de Valencia o por la marca tur\u00edstica del Ayuntamiento de Valencia como es Val\u00e8ncia Turisme y la Agencia Valenciana de Turismo\u201d, ha a\u00f1adido Manuel Sierra.<\/p>\n<p>El concejal bu\u00f1olense ha destacado tambi\u00e9n la Ruta de la M\u00fasica, por entenderla como \u00abuno de los platos fuertes de la localidad a nivel tur\u00edstico\u00bb y por eso prev\u00e9n que sea \u00abuno de los atractivos de la Comunitat, algo que estar\u00e1 presente en los folletos promocionales de la Diputaci\u00f3n como lugares para visitar en nuestra autonom\u00eda\u00bb, ha finalizado el edil.<\/p>\n<p>&nbsp;<\/p>\n","protected":false},"excerpt":{"rendered":"<div class=\"mh-excerpt\">La Feria Internacional de Turismo, Fitur 2017, que se celebra esta semana (concretamente del mi\u00e9rcoles 18 al domingo 22 de enero), volver\u00e1 a recoger los principales lugares tur\u00edsticos m\u00e1s importantes del mundo. Y entre ellos <a class=\"mh-excerpt-more\" href=\"https:\/\/www.tucomarca.com\/wordpress\/segunda\/bunol-participara-un-ano-mas-en-fitur-con-paquetes-promocionales-de-rutas-alojamiento-y-actividades-al-aire-libre\/\" title=\"Bu\u00f1ol participar\u00e1 un a\u00f1o m\u00e1s en Fitur con paquetes promocionales de rutas, alojamiento y actividades al aire libre\">[+] <\/a><\/div>\n","protected":false},"author":1,"featured_media":46142,"comment_status":"open","ping_status":"open","sticky":false,"template":"","format":"standard","meta":{"footnotes":""},"categories":[18,9868,8,10,7,3,45],"tags":[],"class_list":{"0":"post-53357","1":"post","2":"type-post","3":"status-publish","4":"format-standard","5":"has-post-thumbnail","7":"category-bunol","8":"category-fitur2016","9":"category-la-comarca","10":"category-la-hoya","11":"category-ocio-y-cultura","12":"category-seccion","13":"category-ventana"},"_links":{"self":[{"href":"https:\/\/www.tucomarca.com\/wordpress\/segunda\/wp-json\/wp\/v2\/posts\/53357","targetHints":{"allow":["GET"]}}],"collection":[{"href":"https:\/\/www.tucomarca.com\/wordpress\/segunda\/wp-json\/wp\/v2\/posts"}],"about":[{"href":"https:\/\/www.tucomarca.com\/wordpress\/segunda\/wp-json\/wp\/v2\/types\/post"}],"author":[{"embeddable":true,"href":"https:\/\/www.tucomarca.com\/wordpress\/segunda\/wp-json\/wp\/v2\/users\/1"}],"replies":[{"embeddable":true,"href":"https:\/\/www.tucomarca.com\/wordpress\/segunda\/wp-json\/wp\/v2\/comments?post=53357"}],"version-history":[{"count":0,"href":"https:\/\/www.tucomarca.com\/wordpress\/segunda\/wp-json\/wp\/v2\/posts\/53357\/revisions"}],"wp:featuredmedia":[{"embeddable":true,"href":"https:\/\/www.tucomarca.com\/wordpress\/segunda\/wp-json\/wp\/v2\/media\/46142"}],"wp:attachment":[{"href":"https:\/\/www.tucomarca.com\/wordpress\/segunda\/wp-json\/wp\/v2\/media?parent=53357"}],"wp:term":[{"taxonomy":"category","embeddable":true,"href":"https:\/\/www.tucomarca.com\/wordpress\/segunda\/wp-json\/wp\/v2\/categories?post=53357"},{"taxonomy":"post_tag","embeddable":true,"href":"https:\/\/www.tucomarca.com\/wordpress\/segunda\/wp-json\/wp\/v2\/tags?post=53357"}],"curies":[{"name":"wp","href":"https:\/\/api.w.org\/{rel}","templated":true}]}}