{"id":5337,"date":"2012-07-11T17:38:20","date_gmt":"2012-07-11T15:38:20","guid":{"rendered":"http:\/\/www.tucomarca.com\/wordpress\/segunda\/?p=5337"},"modified":"2012-07-11T17:38:20","modified_gmt":"2012-07-11T15:38:20","slug":"los-alcaldes-de-la-do-utiel-requena-valoran-las-clases-de-cata-en-china-como-antesala-a-la-exportacion-de-sus-vinos","status":"publish","type":"post","link":"https:\/\/www.tucomarca.com\/wordpress\/segunda\/los-alcaldes-de-la-do-utiel-requena-valoran-las-clases-de-cata-en-china-como-antesala-a-la-exportacion-de-sus-vinos\/","title":{"rendered":"Los alcaldes de la DO Utiel-Requena valoran las clases de cata en China como antesala a la exportaci\u00f3n de sus vinos"},"content":{"rendered":"<p>La Escuela de Enolog\u00eda y Viticultura de Requena acogi\u00f3 ayer una  reuni\u00f3n en la que la diputada de Educaci\u00f3n, Oreto Segura, el alcalde de  Requena, Javier Berasaluce, el alcalde de Utiel, Jos\u00e9 Luis Ram\u00edrez, y el  director de la escuela, Pedro Navarro para abordar una posible  colaboraci\u00f3n de la F\u00e9lix Jim\u00e9nez con la escuela de alimentaci\u00f3n de la  provincia china de Henan.<\/p>\n<div>\n<p>Los alcaldes de los municipios de la D.O Utiel-Requena atendieron el  proyecto presentado por Xue Kequing y valoraron la viabilidad de ofrecer  una formaci\u00f3n sobre cata para abrir nuevos mercados en el pa\u00eds  asi\u00e1tico.<\/p>\n<\/div>\n","protected":false},"excerpt":{"rendered":"<div class=\"mh-excerpt\">La Escuela de Enolog\u00eda y Viticultura de Requena acogi\u00f3 ayer una reuni\u00f3n en la que la diputada de Educaci\u00f3n, Oreto Segura, el alcalde de Requena, Javier Berasaluce, el alcalde de Utiel, Jos\u00e9 Luis Ram\u00edrez, y <a class=\"mh-excerpt-more\" href=\"https:\/\/www.tucomarca.com\/wordpress\/segunda\/los-alcaldes-de-la-do-utiel-requena-valoran-las-clases-de-cata-en-china-como-antesala-a-la-exportacion-de-sus-vinos\/\" title=\"Los alcaldes de la DO Utiel-Requena valoran las clases de cata en China como antesala a la exportaci\u00f3n de sus vinos\">[+] <\/a><\/div>\n","protected":false},"author":1,"featured_media":0,"comment_status":"open","ping_status":"open","sticky":false,"template":"","format":"standard","meta":{"footnotes":""},"categories":[66,7,27,3],"tags":[],"class_list":{"0":"post-5337","1":"post","2":"type-post","3":"status-publish","4":"format-standard","6":"category-musica","7":"category-ocio-y-cultura","8":"category-requena-utiel","9":"category-seccion"},"_links":{"self":[{"href":"https:\/\/www.tucomarca.com\/wordpress\/segunda\/wp-json\/wp\/v2\/posts\/5337","targetHints":{"allow":["GET"]}}],"collection":[{"href":"https:\/\/www.tucomarca.com\/wordpress\/segunda\/wp-json\/wp\/v2\/posts"}],"about":[{"href":"https:\/\/www.tucomarca.com\/wordpress\/segunda\/wp-json\/wp\/v2\/types\/post"}],"author":[{"embeddable":true,"href":"https:\/\/www.tucomarca.com\/wordpress\/segunda\/wp-json\/wp\/v2\/users\/1"}],"replies":[{"embeddable":true,"href":"https:\/\/www.tucomarca.com\/wordpress\/segunda\/wp-json\/wp\/v2\/comments?post=5337"}],"version-history":[{"count":0,"href":"https:\/\/www.tucomarca.com\/wordpress\/segunda\/wp-json\/wp\/v2\/posts\/5337\/revisions"}],"wp:attachment":[{"href":"https:\/\/www.tucomarca.com\/wordpress\/segunda\/wp-json\/wp\/v2\/media?parent=5337"}],"wp:term":[{"taxonomy":"category","embeddable":true,"href":"https:\/\/www.tucomarca.com\/wordpress\/segunda\/wp-json\/wp\/v2\/categories?post=5337"},{"taxonomy":"post_tag","embeddable":true,"href":"https:\/\/www.tucomarca.com\/wordpress\/segunda\/wp-json\/wp\/v2\/tags?post=5337"}],"curies":[{"name":"wp","href":"https:\/\/api.w.org\/{rel}","templated":true}]}}