{"id":53375,"date":"2017-01-16T14:41:25","date_gmt":"2017-01-16T11:41:25","guid":{"rendered":"http:\/\/www.tucomarca.com\/wordpress\/segunda\/?p=53375"},"modified":"2017-01-16T14:41:25","modified_gmt":"2017-01-16T11:41:25","slug":"medio-millar-de-personas-segun-la-plataforma-aire-limpio-se-concentran-en-chiva-contra-la-incineracion-de-toxicos-y-peligrosos","status":"publish","type":"post","link":"https:\/\/www.tucomarca.com\/wordpress\/segunda\/medio-millar-de-personas-segun-la-plataforma-aire-limpio-se-concentran-en-chiva-contra-la-incineracion-de-toxicos-y-peligrosos\/","title":{"rendered":"Medio millar de personas, seg\u00fan la plataforma Aire Limpio, se concentran en Chiva contra la incineraci\u00f3n de t\u00f3xicos y peligrosos"},"content":{"rendered":"<figure id=\"attachment_53376\" aria-describedby=\"caption-attachment-53376\" style=\"width: 300px\" class=\"wp-caption alignleft\"><a href=\"https:\/\/www.tucomarca.com\/wordpress\/segunda\/wp-content\/uploads\/2017\/01\/ChivaAireLimpio.jpeg\"><br \/>\n<img loading=\"lazy\" decoding=\"async\" class=\"size-medium wp-image-53376\" title=\"ChivaAireLimpio\" src=\"https:\/\/www.tucomarca.com\/wordpress\/segunda\/wp-content\/uploads\/2017\/01\/ChivaAireLimpio-300x102.jpg\" alt=\"Participantes en la protesta contra la incineraci\u00f3n de residuos t\u00f3xicos y peligrosos convocada en Chiva.\" width=\"300\" height=\"102\" srcset=\"https:\/\/www.tucomarca.com\/wordpress\/segunda\/wp-content\/uploads\/2017\/01\/ChivaAireLimpio-300x102.jpg 300w, https:\/\/www.tucomarca.com\/wordpress\/segunda\/wp-content\/uploads\/2017\/01\/ChivaAireLimpio-1024x348.jpg 1024w, https:\/\/www.tucomarca.com\/wordpress\/segunda\/wp-content\/uploads\/2017\/01\/ChivaAireLimpio.jpeg 1600w\" sizes=\"auto, (max-width: 300px) 100vw, 300px\" \/><\/a><figcaption id=\"caption-attachment-53376\" class=\"wp-caption-text\">Participantes en la protesta contra la incineraci\u00f3n de residuos t\u00f3xicos y peligrosos convocada en Chiva.<\/figcaption><\/figure>\n<p>De \u00ab\u00e9xito rotundo\u00bb han calificado desde la Plataforma Aire Limpio Hoya de Bu\u00f1ol-Chiva la concentraci\u00f3n realizada en la Plaza de la Constituci\u00f3n de la localidad de Chiva, este pasado domingo.<\/p>\n<p>Una acci\u00f3n que se encuadra \u00aben el marco de las movilizaciones convocadas por la plataforma en protesta contra la incineraci\u00f3n de residuos t\u00f3xicos y peligrosos en la f\u00e1brica de cementos Cemex, situada en Bu\u00f1ol. La Plataforma valora muy positivamente y agradece la gran respuesta de las vecinas y los vecinos de la comarca de La Hoya a una concentraci\u00f3n en el centro del pueblo que ha reunido a cerca de medio millar de personas\u00bb.<\/p>\n<p>En el acto reivindicativo se ha le\u00eddo un comunicado en el que se ha hecho \u00abun repaso de la trayectoria y actividades que ha llevado a cabo la plataforma vecinal, as\u00ed como de la situaci\u00f3n actual en la que nos encontramos con respecto a las autorizaciones medioambientales que a d\u00eda de hoy permiten todav\u00eda a la multinacional mexicana seguir incinerando hasta 75.000 toneladas de residuos peligrosos al a\u00f1o, generando en ese proceso, emisiones de gases extremadamente t\u00f3xicos y altamente nocivos para la salud humana y para la biodiversidad de la comarca de La Hoya\u00bb, han informado desde la entidad vecinal.<\/p>\n<p>Adem\u00e1s, ha habido un turno abierto de palabra \u00abcon emotivas intervenciones de personas, a t\u00edtulo personal, y de algunos de los colectivos y organizaciones que apoyan la lucha de la P.A.L. Han acudido otras organizaciones de fuera de la comarca y se han sumado al manifiesto inicial de la plataforma. Se da el caso de que en la comarca del Camp de Morvedre se est\u00e1 dando esta misma problem\u00e1tica. De eso hemos tenido constancia por la intervenci\u00f3n de compa\u00f1eros y compa\u00f1eras venidas de aquella comarca\u00bb, han a\u00f1adido.<\/p>\n<p>Tambi\u00e9n se ha iniciado un proceso de recogida de firmas para \u00abreforzar la lucha y, al mismo tiempo, dar a conocer a pie de calle la grave problem\u00e1tica existente y las demandas de m\u00ednimos para garantizar un verdadero aire limpio\u00bb.<\/p>\n<p>Dos d\u00edas despu\u00e9s de conocerse que el gobierno de la Generalitat, a instancias de la Conselleria de Medi Ambient, ha accedido por fin a instalar una Estaci\u00f3n m\u00f3vil de medici\u00f3n de la calidad del aire en la comarca de la Hoya, y que destinar\u00e1 a un T\u00e9cnico Medioambiental para la zona interior de la provincia de Valencia con objeto de valorar las mediciones y velar por el cumplimiento de la normativa medioambiental, la P.A.L manifiesta que es ahora m\u00e1s que nunca, el momento de fiscalizar estos movimientos, y a la vez seguir presionando hasta que se consiga el objetivo principal, que no es otro que erradicar de forma definitiva la incineraci\u00f3n de residuos en Cemex Bu\u00f1ol\u00bb, han a\u00f1adido en el comunicado remitido por la plataforma vecinal.<\/p>\n<p>\u00abEn definitiva, se ha puesto otro granito de arena en una lucha que hasta el d\u00eda de hoy resultaba casi invisible, y que culminar\u00e1 con la I Marcha a la cementera del pr\u00f3ximo domingo 22 de enero a las 12,00 horas, recorriendo las calles de Bu\u00f1ol para finalizar en las puertas de Cemex. La Plataforma Aire Limpio, apela a la uni\u00f3n de todas las vecinas y vecinos de la comarca de La Hoya y a todas las organizaciones pol\u00edticas, sindicales y movimientos sociales a que participen de esta Marcha, para exigir de una vez por todas una alternativa de gesti\u00f3n de residuos limpia y sostenible, que sustituya a la\u00a0 incineraci\u00f3n indiscriminada de \u00e9stos en las cementares\u00bb, tal como han finalizado en su nota desde la\u00a0Plataforma Aire Limpio Hoya de Bu\u00f1ol-Chiva.<\/p>\n","protected":false},"excerpt":{"rendered":"<div class=\"mh-excerpt\">De \u00ab\u00e9xito rotundo\u00bb han calificado desde la Plataforma Aire Limpio Hoya de Bu\u00f1ol-Chiva la concentraci\u00f3n realizada en la Plaza de la Constituci\u00f3n de la localidad de Chiva, este pasado domingo. Una acci\u00f3n que se encuadra <a class=\"mh-excerpt-more\" href=\"https:\/\/www.tucomarca.com\/wordpress\/segunda\/medio-millar-de-personas-segun-la-plataforma-aire-limpio-se-concentran-en-chiva-contra-la-incineracion-de-toxicos-y-peligrosos\/\" title=\"Medio millar de personas, seg\u00fan la plataforma Aire Limpio, se concentran en Chiva contra la incineraci\u00f3n de t\u00f3xicos y peligrosos\">[+] <\/a><\/div>\n","protected":false},"author":1,"featured_media":53376,"comment_status":"open","ping_status":"open","sticky":false,"template":"","format":"standard","meta":{"footnotes":""},"categories":[119,16,8,10,117,3,116,45],"tags":[10385,10384,529,5952],"class_list":{"0":"post-53375","1":"post","2":"type-post","3":"status-publish","4":"format-standard","5":"has-post-thumbnail","7":"category-sanidad-la-comarca","8":"category-chiva","9":"category-la-comarca","10":"category-la-hoya","11":"category-medio-ambiente-la-comarca","12":"category-seccion","13":"category-sucesos-la-comarca","14":"category-ventana","15":"tag-bunol","16":"tag-chiva","17":"tag-la-hoya-2","18":"tag-la-hoya-de-bunol-chiva"},"_links":{"self":[{"href":"https:\/\/www.tucomarca.com\/wordpress\/segunda\/wp-json\/wp\/v2\/posts\/53375","targetHints":{"allow":["GET"]}}],"collection":[{"href":"https:\/\/www.tucomarca.com\/wordpress\/segunda\/wp-json\/wp\/v2\/posts"}],"about":[{"href":"https:\/\/www.tucomarca.com\/wordpress\/segunda\/wp-json\/wp\/v2\/types\/post"}],"author":[{"embeddable":true,"href":"https:\/\/www.tucomarca.com\/wordpress\/segunda\/wp-json\/wp\/v2\/users\/1"}],"replies":[{"embeddable":true,"href":"https:\/\/www.tucomarca.com\/wordpress\/segunda\/wp-json\/wp\/v2\/comments?post=53375"}],"version-history":[{"count":0,"href":"https:\/\/www.tucomarca.com\/wordpress\/segunda\/wp-json\/wp\/v2\/posts\/53375\/revisions"}],"wp:featuredmedia":[{"embeddable":true,"href":"https:\/\/www.tucomarca.com\/wordpress\/segunda\/wp-json\/wp\/v2\/media\/53376"}],"wp:attachment":[{"href":"https:\/\/www.tucomarca.com\/wordpress\/segunda\/wp-json\/wp\/v2\/media?parent=53375"}],"wp:term":[{"taxonomy":"category","embeddable":true,"href":"https:\/\/www.tucomarca.com\/wordpress\/segunda\/wp-json\/wp\/v2\/categories?post=53375"},{"taxonomy":"post_tag","embeddable":true,"href":"https:\/\/www.tucomarca.com\/wordpress\/segunda\/wp-json\/wp\/v2\/tags?post=53375"}],"curies":[{"name":"wp","href":"https:\/\/api.w.org\/{rel}","templated":true}]}}