{"id":5344,"date":"2012-07-11T20:14:36","date_gmt":"2012-07-11T18:14:36","guid":{"rendered":"http:\/\/www.tucomarca.com\/wordpress\/segunda\/?p=5344"},"modified":"2012-07-11T20:14:36","modified_gmt":"2012-07-11T18:14:36","slug":"la-diputacion-de-valencia-cifra-en-43-millones-los-danos-del-incendio-en-infraestructuras-locales","status":"publish","type":"post","link":"https:\/\/www.tucomarca.com\/wordpress\/segunda\/la-diputacion-de-valencia-cifra-en-43-millones-los-danos-del-incendio-en-infraestructuras-locales\/","title":{"rendered":"La Diputaci\u00f3n de Valencia cifra en 4,3 millones los da\u00f1os del incendio en infraestructuras locales"},"content":{"rendered":"<p>El presidente de la Diputaci\u00f3n, Alfonso Rus, ha presentado este mi\u00e9rcoles por la tarde a los alcaldes de los municipios afectados la valoraci\u00f3n de los da\u00f1os en infraestructuras locales que afectan a servicios b\u00e1sicos, que ascienden a 4,3 millones de euros, seg\u00fan una estimaci\u00f3n t\u00e9cnica elaborada a partir de un informe exhaustivo y sobre el terreno realizado por los t\u00e9cnicos de la Diputaci\u00f3n de Valencia.<\/p>\n<p>La valoraci\u00f3n tiene en cuenta los da\u00f1os en infraestructuras b\u00e1sicas (414.700 euros), carreteras (2.750.000 euros), caminos rurales (989.118) y riesgos geol\u00f3gicos (198.000 euros).<\/p>\n<p>El presidente Rus anticip\u00f3 en el encuentro de esta tarde que esa valoraci\u00f3n y ese informe se ha remitido ya a la Delegaci\u00f3n de Gobierno para que \u00e9sta, a su vez, lo env\u00ede al ministerio para que, en principio, asuma el informe y decrete las ayudas correspondientes, seg\u00fan adelant\u00f3 en su d\u00eda el ministro de Interior, Jorge Fern\u00e1ndez, en su reuni\u00f3n en Valencia.<\/p>\n<p>No obstante, Alfonso Rus asegur\u00f3 a los representantes municipales que la Diputaci\u00f3n de Valencia podr\u00eda adelantar parte de ese dinero o cubrir la diferencia, que pudiera haber entre la valoraci\u00f3n y las ayudas que aporte el Estado para las obras de subsanaci\u00f3n de estas graves deficiencias.<\/p>\n<p><strong>Intervenci\u00f3n inmediata<\/strong><\/p>\n<p>En cualquier caso, los alcaldes conocieron de primera mano que la Diputaci\u00f3n de Valencia a trav\u00e9s de su empresa p\u00fablica Imelsa y, en concreto, con la brigadas forestales ya ha comenzado a trabajar en diversos municipios para atender, prioritariamente, el suministro de agua y que, con posterioridad, ir\u00e1 subsanando otros da\u00f1os menos perentorios como los caminos, la se\u00f1ales y, tambi\u00e9n, atendiendo los riesgos geol\u00f3gicos que se derivan del efecto de las llamas.<br \/>\nPara ello, la diputaci\u00f3n de Valencia ha realizado una modificaci\u00f3n presupuestaria de 500.000 euros con los que cubrir las primeros gastos en las reparaciones m\u00e1s perentorias.<br \/>\n\u201cLo que queremos \u2013 coment\u00f3-\u00a0 es hacer las cosas ya. Y las estamos haciendo. La diputaci\u00f3n de Valencia ya est\u00e1 ah\u00ed, pero con sentido com\u00fan, r\u00e1pidamente, pero con sentido com\u00fan\u201d.<\/p>\n<p><strong>Todas las necesidades<\/strong><\/p>\n<p>Igualmente, el vicepresidente de la corporaci\u00f3n, Juan Jos\u00e9 Medina, que ha coordinado la reacci\u00f3n de la instituci\u00f3n provincial, coment\u00f3 a los alcaldes que se trata de un primer informe sobre el que \u201cten\u00edamos que empezar a trabajar, pero que los ayuntamientos podr\u00e1n incorporar nuevas necesidades y da\u00f1os seg\u00fan las vayan conociendo, para lo cual la Diputaci\u00f3n de Valencia continuar\u00e1 prestando una atenci\u00f3n prioritaria\u201d.<\/p>\n<p>Medina, as\u00ed mismo, y a petici\u00f3n de alg\u00fan alcalde, confirm\u00f3 que el departamento correspondiente ampliar\u00e1 el n\u00famero de t\u00e9cnicos que, gracias a los convenios con colegios profesionales, est\u00e1n ahora mismo prestando sus servicios. En este caso se aumentar\u00e1 t\u00e9cnicos relaciones con la ingenier\u00eda de montes o agr\u00f3nomos.<\/p>\n","protected":false},"excerpt":{"rendered":"<div class=\"mh-excerpt\">El presidente de la Diputaci\u00f3n, Alfonso Rus, ha presentado este mi\u00e9rcoles por la tarde a los alcaldes de los municipios afectados la valoraci\u00f3n de los da\u00f1os en infraestructuras locales que afectan a servicios b\u00e1sicos, que <a class=\"mh-excerpt-more\" href=\"https:\/\/www.tucomarca.com\/wordpress\/segunda\/la-diputacion-de-valencia-cifra-en-43-millones-los-danos-del-incendio-en-infraestructuras-locales\/\" title=\"La Diputaci\u00f3n de Valencia cifra en 4,3 millones los da\u00f1os del incendio en infraestructuras locales\">[+] <\/a><\/div>\n","protected":false},"author":1,"featured_media":5346,"comment_status":"open","ping_status":"open","sticky":false,"template":"","format":"standard","meta":{"footnotes":""},"categories":[19,15,128,8,10,13,3,45,11],"tags":[],"class_list":{"0":"post-5344","1":"post","2":"type-post","3":"status-publish","4":"format-standard","5":"has-post-thumbnail","7":"category-alborache","8":"category-dos-aguas","9":"category-infraestructuras","10":"category-la-comarca","11":"category-la-hoya","12":"category-macastre","13":"category-seccion","14":"category-ventana","15":"category-yatova"},"_links":{"self":[{"href":"https:\/\/www.tucomarca.com\/wordpress\/segunda\/wp-json\/wp\/v2\/posts\/5344","targetHints":{"allow":["GET"]}}],"collection":[{"href":"https:\/\/www.tucomarca.com\/wordpress\/segunda\/wp-json\/wp\/v2\/posts"}],"about":[{"href":"https:\/\/www.tucomarca.com\/wordpress\/segunda\/wp-json\/wp\/v2\/types\/post"}],"author":[{"embeddable":true,"href":"https:\/\/www.tucomarca.com\/wordpress\/segunda\/wp-json\/wp\/v2\/users\/1"}],"replies":[{"embeddable":true,"href":"https:\/\/www.tucomarca.com\/wordpress\/segunda\/wp-json\/wp\/v2\/comments?post=5344"}],"version-history":[{"count":0,"href":"https:\/\/www.tucomarca.com\/wordpress\/segunda\/wp-json\/wp\/v2\/posts\/5344\/revisions"}],"wp:featuredmedia":[{"embeddable":true,"href":"https:\/\/www.tucomarca.com\/wordpress\/segunda\/wp-json\/wp\/v2\/media\/5346"}],"wp:attachment":[{"href":"https:\/\/www.tucomarca.com\/wordpress\/segunda\/wp-json\/wp\/v2\/media?parent=5344"}],"wp:term":[{"taxonomy":"category","embeddable":true,"href":"https:\/\/www.tucomarca.com\/wordpress\/segunda\/wp-json\/wp\/v2\/categories?post=5344"},{"taxonomy":"post_tag","embeddable":true,"href":"https:\/\/www.tucomarca.com\/wordpress\/segunda\/wp-json\/wp\/v2\/tags?post=5344"}],"curies":[{"name":"wp","href":"https:\/\/api.w.org\/{rel}","templated":true}]}}