{"id":5349,"date":"2012-07-12T09:38:29","date_gmt":"2012-07-12T07:38:29","guid":{"rendered":"http:\/\/www.tucomarca.com\/wordpress\/segunda\/?p=5349"},"modified":"2012-07-12T09:38:29","modified_gmt":"2012-07-12T07:38:29","slug":"el-reconocido-cecilio-maestra-ha-sido-el-elegido-para-dirigir-la-escuela-de-atletismo-de-turis","status":"publish","type":"post","link":"https:\/\/www.tucomarca.com\/wordpress\/segunda\/el-reconocido-cecilio-maestra-ha-sido-el-elegido-para-dirigir-la-escuela-de-atletismo-de-turis\/","title":{"rendered":"El reconocido Cecilio Maestra ha sido el elegido para dirigir la escuela de atletismo de Tur\u00eds"},"content":{"rendered":"<p>Como inform\u00f3 este semanario en su edici\u00f3n impresa, un nuevo e ilusionante proyecto deportivo esta apunto de ver la luz en Tur\u00eds. Seg\u00fan ha podido conocer este semanario, a d\u00eda de hoy ya es una realidad m\u00e1s que palpable la puesta en marcha de una  escuela de atletismo que contar\u00e1 con un profesional sobradamente acreditado al frente.<br \/>\nCecilio Maestra ha sido el elegido para dirigir desde este mes de julio la nueva escuela municipal de atletismo que se pone en marcha con el firme prop\u00f3sito de ofrecer una nueva disciplina a los amantes del ejercicio<br \/>\nMaestra ha ejercido como deportista de \u00e9lite y ha sido miembro de la selecci\u00f3n espa\u00f1ola  de atletismo durante 10 a\u00f1os con marcas personales que lo sit\u00faan entre uno de los  diez mejores atletas de Espa\u00f1a de toda la historia, concretamente en la modalidad de velocidad.<br \/>\nLa escuela de atletismo est\u00e1 enfocada a todos aquellos ni\u00f1os y adultos que quieran disfrutar y aprender todas las especialidades de este amplio deporte (velocidad, lanzamiento, saltos,vallas) y su preparaci\u00f3n  f\u00edsica.<br \/>\nEn las pr\u00f3ximas fechas se conocer\u00e1 el resultado de esta iniciativa con la que se vuelve a evidenciar la clara apuesta por el deporte tanto del consistorio local como de los propios vecinos, acostumbrados estos \u00faltimos a numerosos \u00e9xitos.<\/p>\n","protected":false},"excerpt":{"rendered":"<div class=\"mh-excerpt\">Como inform\u00f3 este semanario en su edici\u00f3n impresa, un nuevo e ilusionante proyecto deportivo esta apunto de ver la luz en Tur\u00eds. Seg\u00fan ha podido conocer este semanario, a d\u00eda de hoy ya es una <a class=\"mh-excerpt-more\" href=\"https:\/\/www.tucomarca.com\/wordpress\/segunda\/el-reconocido-cecilio-maestra-ha-sido-el-elegido-para-dirigir-la-escuela-de-atletismo-de-turis\/\" title=\"El reconocido Cecilio Maestra ha sido el elegido para dirigir la escuela de atletismo de Tur\u00eds\">[+] <\/a><\/div>\n","protected":false},"author":2,"featured_media":0,"comment_status":"open","ping_status":"open","sticky":false,"template":"","format":"standard","meta":{"footnotes":""},"categories":[98,6,42,3,43],"tags":[299],"class_list":{"0":"post-5349","1":"post","2":"type-post","3":"status-publish","4":"format-standard","6":"category-atletismo","7":"category-deportes","8":"category-la-ribera","9":"category-seccion","10":"category-turis","11":"tag-atletismo-2"},"_links":{"self":[{"href":"https:\/\/www.tucomarca.com\/wordpress\/segunda\/wp-json\/wp\/v2\/posts\/5349","targetHints":{"allow":["GET"]}}],"collection":[{"href":"https:\/\/www.tucomarca.com\/wordpress\/segunda\/wp-json\/wp\/v2\/posts"}],"about":[{"href":"https:\/\/www.tucomarca.com\/wordpress\/segunda\/wp-json\/wp\/v2\/types\/post"}],"author":[{"embeddable":true,"href":"https:\/\/www.tucomarca.com\/wordpress\/segunda\/wp-json\/wp\/v2\/users\/2"}],"replies":[{"embeddable":true,"href":"https:\/\/www.tucomarca.com\/wordpress\/segunda\/wp-json\/wp\/v2\/comments?post=5349"}],"version-history":[{"count":0,"href":"https:\/\/www.tucomarca.com\/wordpress\/segunda\/wp-json\/wp\/v2\/posts\/5349\/revisions"}],"wp:attachment":[{"href":"https:\/\/www.tucomarca.com\/wordpress\/segunda\/wp-json\/wp\/v2\/media?parent=5349"}],"wp:term":[{"taxonomy":"category","embeddable":true,"href":"https:\/\/www.tucomarca.com\/wordpress\/segunda\/wp-json\/wp\/v2\/categories?post=5349"},{"taxonomy":"post_tag","embeddable":true,"href":"https:\/\/www.tucomarca.com\/wordpress\/segunda\/wp-json\/wp\/v2\/tags?post=5349"}],"curies":[{"name":"wp","href":"https:\/\/api.w.org\/{rel}","templated":true}]}}