{"id":5359,"date":"2012-07-12T11:00:31","date_gmt":"2012-07-12T09:00:31","guid":{"rendered":"http:\/\/www.tucomarca.com\/wordpress\/segunda\/?p=5359"},"modified":"2012-07-12T11:19:26","modified_gmt":"2012-07-12T09:19:26","slug":"video-entrevista-al-coordinador-nacional-de-iu-cayo-lara-durante-su-visita-a-bunol-por-los-incendios-forestales","status":"publish","type":"post","link":"https:\/\/www.tucomarca.com\/wordpress\/segunda\/video-entrevista-al-coordinador-nacional-de-iu-cayo-lara-durante-su-visita-a-bunol-por-los-incendios-forestales\/","title":{"rendered":"V\u00eddeo entrevista al coordinador nacional de IU, Cayo Lara, durante su visita a Bu\u00f1ol por los incendios forestales"},"content":{"rendered":"<p>Entrevista realizada por<strong> tucomarca televisi\u00f3n<\/strong> al l\u00edder nacional de Izquierda Unida, Cayo Lara, durante su visita a Bu\u00f1ol para analizar el estado de los montes de la comarca tras el incendio de Cortes de Pall\u00e1s que asol\u00f3 buena parte de nuestros montes del interior.<\/p>\n","protected":false},"excerpt":{"rendered":"<div class=\"mh-excerpt\">Entrevista realizada por tucomarca televisi\u00f3n al l\u00edder nacional de Izquierda Unida, Cayo Lara, durante su visita a Bu\u00f1ol para analizar el estado de los montes de la comarca tras el incendio de Cortes de Pall\u00e1s <a class=\"mh-excerpt-more\" href=\"https:\/\/www.tucomarca.com\/wordpress\/segunda\/video-entrevista-al-coordinador-nacional-de-iu-cayo-lara-durante-su-visita-a-bunol-por-los-incendios-forestales\/\" title=\"V\u00eddeo entrevista al coordinador nacional de IU, Cayo Lara, durante su visita a Bu\u00f1ol por los incendios forestales\">[+] <\/a><\/div>\n","protected":false},"author":1,"featured_media":0,"comment_status":"open","ping_status":"open","sticky":false,"template":"","format":"standard","meta":{"footnotes":""},"categories":[19,18,15,8,10,13,142,3,116,26,11],"tags":[],"class_list":{"0":"post-5359","1":"post","2":"type-post","3":"status-publish","4":"format-standard","6":"category-alborache","7":"category-bunol","8":"category-dos-aguas","9":"category-la-comarca","10":"category-la-hoya","11":"category-macastre","12":"category-politica-la-comarca","13":"category-seccion","14":"category-sucesos-la-comarca","15":"category-video","16":"category-yatova"},"_links":{"self":[{"href":"https:\/\/www.tucomarca.com\/wordpress\/segunda\/wp-json\/wp\/v2\/posts\/5359","targetHints":{"allow":["GET"]}}],"collection":[{"href":"https:\/\/www.tucomarca.com\/wordpress\/segunda\/wp-json\/wp\/v2\/posts"}],"about":[{"href":"https:\/\/www.tucomarca.com\/wordpress\/segunda\/wp-json\/wp\/v2\/types\/post"}],"author":[{"embeddable":true,"href":"https:\/\/www.tucomarca.com\/wordpress\/segunda\/wp-json\/wp\/v2\/users\/1"}],"replies":[{"embeddable":true,"href":"https:\/\/www.tucomarca.com\/wordpress\/segunda\/wp-json\/wp\/v2\/comments?post=5359"}],"version-history":[{"count":0,"href":"https:\/\/www.tucomarca.com\/wordpress\/segunda\/wp-json\/wp\/v2\/posts\/5359\/revisions"}],"wp:attachment":[{"href":"https:\/\/www.tucomarca.com\/wordpress\/segunda\/wp-json\/wp\/v2\/media?parent=5359"}],"wp:term":[{"taxonomy":"category","embeddable":true,"href":"https:\/\/www.tucomarca.com\/wordpress\/segunda\/wp-json\/wp\/v2\/categories?post=5359"},{"taxonomy":"post_tag","embeddable":true,"href":"https:\/\/www.tucomarca.com\/wordpress\/segunda\/wp-json\/wp\/v2\/tags?post=5359"}],"curies":[{"name":"wp","href":"https:\/\/api.w.org\/{rel}","templated":true}]}}