{"id":5364,"date":"2012-07-12T11:05:43","date_gmt":"2012-07-12T09:05:43","guid":{"rendered":"http:\/\/www.tucomarca.com\/wordpress\/segunda\/?p=5364"},"modified":"2012-07-12T11:22:55","modified_gmt":"2012-07-12T09:22:55","slug":"video-entrevista-al-bunolense-rafael-casero-sobre-su-libro-de-los-simbolos-masonicos-del-cementerio-local","status":"publish","type":"post","link":"https:\/\/www.tucomarca.com\/wordpress\/segunda\/video-entrevista-al-bunolense-rafael-casero-sobre-su-libro-de-los-simbolos-masonicos-del-cementerio-local\/","title":{"rendered":"V\u00eddeo entrevista: al bu\u00f1olense Rafael Casero sobre su libro de los s\u00edmbolos mas\u00f3nicos del cementerio local"},"content":{"rendered":"<p>Entrevista realizada en las instalaciones de <strong>tucomarca televisi\u00f3n<\/strong> al bu\u00f1olense Rafael Casero sobre su libro en el que refleja la simbolog\u00eda mas\u00f3nica que se puede encontrar en el camposanto de la localidad.<\/p>\n","protected":false},"excerpt":{"rendered":"<div class=\"mh-excerpt\">Entrevista realizada en las instalaciones de tucomarca televisi\u00f3n al bu\u00f1olense Rafael Casero sobre su libro en el que refleja la simbolog\u00eda mas\u00f3nica que se puede encontrar en el camposanto de la localidad.<\/div>\n","protected":false},"author":1,"featured_media":0,"comment_status":"open","ping_status":"open","sticky":false,"template":"","format":"standard","meta":{"footnotes":""},"categories":[18,10,7,3,26],"tags":[],"class_list":{"0":"post-5364","1":"post","2":"type-post","3":"status-publish","4":"format-standard","6":"category-bunol","7":"category-la-hoya","8":"category-ocio-y-cultura","9":"category-seccion","10":"category-video"},"_links":{"self":[{"href":"https:\/\/www.tucomarca.com\/wordpress\/segunda\/wp-json\/wp\/v2\/posts\/5364","targetHints":{"allow":["GET"]}}],"collection":[{"href":"https:\/\/www.tucomarca.com\/wordpress\/segunda\/wp-json\/wp\/v2\/posts"}],"about":[{"href":"https:\/\/www.tucomarca.com\/wordpress\/segunda\/wp-json\/wp\/v2\/types\/post"}],"author":[{"embeddable":true,"href":"https:\/\/www.tucomarca.com\/wordpress\/segunda\/wp-json\/wp\/v2\/users\/1"}],"replies":[{"embeddable":true,"href":"https:\/\/www.tucomarca.com\/wordpress\/segunda\/wp-json\/wp\/v2\/comments?post=5364"}],"version-history":[{"count":0,"href":"https:\/\/www.tucomarca.com\/wordpress\/segunda\/wp-json\/wp\/v2\/posts\/5364\/revisions"}],"wp:attachment":[{"href":"https:\/\/www.tucomarca.com\/wordpress\/segunda\/wp-json\/wp\/v2\/media?parent=5364"}],"wp:term":[{"taxonomy":"category","embeddable":true,"href":"https:\/\/www.tucomarca.com\/wordpress\/segunda\/wp-json\/wp\/v2\/categories?post=5364"},{"taxonomy":"post_tag","embeddable":true,"href":"https:\/\/www.tucomarca.com\/wordpress\/segunda\/wp-json\/wp\/v2\/tags?post=5364"}],"curies":[{"name":"wp","href":"https:\/\/api.w.org\/{rel}","templated":true}]}}