{"id":5365,"date":"2012-07-12T11:18:47","date_gmt":"2012-07-12T09:18:47","guid":{"rendered":"http:\/\/www.tucomarca.com\/wordpress\/segunda\/?p=5365"},"modified":"2012-07-12T11:18:47","modified_gmt":"2012-07-12T09:18:47","slug":"el-partido-popular-afirma-que-el-tripartito-ha-convertido-a-bunol-en-apenas-un-ano-en-%e2%80%9cun-solar-sin-industria-y-sin-esperanza-de-futuro%e2%80%9d","status":"publish","type":"post","link":"https:\/\/www.tucomarca.com\/wordpress\/segunda\/el-partido-popular-afirma-que-el-tripartito-ha-convertido-a-bunol-en-apenas-un-ano-en-%e2%80%9cun-solar-sin-industria-y-sin-esperanza-de-futuro%e2%80%9d\/","title":{"rendered":"El Partido Popular afirma que el tripartito ha convertido a Bu\u00f1ol, en apenas un a\u00f1o, en \u201cun solar sin industria y sin esperanza de futuro\u201d"},"content":{"rendered":"<p>Para los Populares de Bu\u00f1ol \u201cel Tripartito y sus l\u00edos\u201d han convertido a Bu\u00f1ol en tan solo un a\u00f1o \u201cen un solar sin industria y sin esperanza de futuro\u201d. Como afirman, \u201ceste pacto a tres bandas favorecido y sostenido irresponsablemente por PSOE-IAB solo ha beneficiado a Joaqu\u00edn Masmano, perjudicando gravemente los intereses del Pueblo de Bu\u00f1ol\u201d.<br \/>\n\u201cEl  desastre de gesti\u00f3n de este primer a\u00f1o de IU-PSOE-IAB demuestra su irresponsabilidad con un gasto corriente desenfrenado que va a ahogar de nuevo a asociaciones y  proveedores, la gran mayor\u00eda peque\u00f1os comerciantes del municipio.  Esta situaci\u00f3n de despilfarro del gobierno municipal va unida a una pol\u00edtica de cierre de servicios municipales (piscina municipal de invierno), de despidos de trabajadores y reducci\u00f3n de subvenciones a las asociaciones de hasta un 70%.  El tripartito en minor\u00eda es incapaz de gobernar y consensuar acuerdos con el Partido Popular pese a la voluntad de entendimiento manifestada en innumerables ocasiones por nuestro grupo municipal. Se trata de un tripartito instalado permanentemente en la bronca, para lanzar cortinas de humo, que impidan a la ciudadan\u00eda ver la verdadera incapacidad de estos para sacar a Bu\u00f1ol del atolladero que lo han metido, por la nefasta gesti\u00f3n de estos \u00faltimos a\u00f1os. Y por intereses personales no permiten que la fuerza mayoritaria que ha ganado las elecciones trate de solucionar los graves problemas de Bu\u00f1ol\u201d, afirman los populares.<br \/>\nDesde el PP se recuerda que el endeudamiento del municipio de Bu\u00f1ol, a\u00fan siendo  superior por habitante al de Valencia, \u201cno ha ido destinado a sufragar inversiones que mejoren la econom\u00eda del municipio como la creaci\u00f3n de pol\u00edgonos industriales, sino fundamentalmente a gasto corriente y  superfluo. As\u00ed se destin\u00f3 1,2 millones de euros a un parque fluvial que no se mantiene y no se cambi\u00f3 el vaso de la piscina municipal para reducir el volumen de litros que habr\u00eda que calentar ahorrando as\u00ed costes energ\u00e9ticos\u201d.<br \/>\n\u201cMientras otros pueblos de la Comarca como Cheste y Chiva aumentan la poblaci\u00f3n y van saliendo lentamente de la crisis con empresas que invierten en sus municipios, Bu\u00f1ol retrocede en n\u00famero de habitantes y dinamita su tejido industrial. Los Populares de Bu\u00f1ol pensamos que la ausencia de un verdadero  gobierno fuerte y con las ideas claras est\u00e1 perjudicando gravemente  a los ciudadanos y ciudadanas de Bu\u00f1ol. El legado del pacto a tres bandas de un tripartito roto y enfrentado con los ciudadanos y asociaciones de Bu\u00f1ol es un Ayuntamiento en la ruina. Debido a la incapacidad de un tripartito hecho a\u00f1icos m\u00e1s preocupado por mantenerse en el sill\u00f3n que por resolver con un verdadero Plan Estrat\u00e9gico los problemas en las \u00e1reas de urbanismo, equipamiento, pol\u00edgonos industriales y mantenimiento adecuado de calles y jardines. Y lo que es m\u00e1s importante, no se ha apostado por la continuidad de los servicios y del mantenimiento de los puestos de trabajo municipales.<br \/>\nLos Populares de Bu\u00f1ol entienden que este \u201cdesastre de gesti\u00f3n municipal\u201d certifica el agotamiento de un pacto \u201cen estado terminal, que perjudica los intereses generales de Bu\u00f1ol, que nos ha situado en un aislamiento institucional y ha incrementado el agravamiento de la crisis econ\u00f3mica del municipio en apenas 1 a\u00f1o de gobierno\u201d.<\/p>\n","protected":false},"excerpt":{"rendered":"<div class=\"mh-excerpt\">Para los Populares de Bu\u00f1ol \u201cel Tripartito y sus l\u00edos\u201d han convertido a Bu\u00f1ol en tan solo un a\u00f1o \u201cen un solar sin industria y sin esperanza de futuro\u201d. Como afirman, \u201ceste pacto a tres <a class=\"mh-excerpt-more\" href=\"https:\/\/www.tucomarca.com\/wordpress\/segunda\/el-partido-popular-afirma-que-el-tripartito-ha-convertido-a-bunol-en-apenas-un-ano-en-%e2%80%9cun-solar-sin-industria-y-sin-esperanza-de-futuro%e2%80%9d\/\" title=\"El Partido Popular afirma que el tripartito ha convertido a Bu\u00f1ol, en apenas un a\u00f1o, en \u201cun solar sin industria y sin esperanza de futuro\u201d\">[+] <\/a><\/div>\n","protected":false},"author":2,"featured_media":0,"comment_status":"open","ping_status":"open","sticky":false,"template":"","format":"standard","meta":{"footnotes":""},"categories":[18,8,10,142,3],"tags":[268],"class_list":{"0":"post-5365","1":"post","2":"type-post","3":"status-publish","4":"format-standard","6":"category-bunol","7":"category-la-comarca","8":"category-la-hoya","9":"category-politica-la-comarca","10":"category-seccion","11":"tag-pacto"},"_links":{"self":[{"href":"https:\/\/www.tucomarca.com\/wordpress\/segunda\/wp-json\/wp\/v2\/posts\/5365","targetHints":{"allow":["GET"]}}],"collection":[{"href":"https:\/\/www.tucomarca.com\/wordpress\/segunda\/wp-json\/wp\/v2\/posts"}],"about":[{"href":"https:\/\/www.tucomarca.com\/wordpress\/segunda\/wp-json\/wp\/v2\/types\/post"}],"author":[{"embeddable":true,"href":"https:\/\/www.tucomarca.com\/wordpress\/segunda\/wp-json\/wp\/v2\/users\/2"}],"replies":[{"embeddable":true,"href":"https:\/\/www.tucomarca.com\/wordpress\/segunda\/wp-json\/wp\/v2\/comments?post=5365"}],"version-history":[{"count":0,"href":"https:\/\/www.tucomarca.com\/wordpress\/segunda\/wp-json\/wp\/v2\/posts\/5365\/revisions"}],"wp:attachment":[{"href":"https:\/\/www.tucomarca.com\/wordpress\/segunda\/wp-json\/wp\/v2\/media?parent=5365"}],"wp:term":[{"taxonomy":"category","embeddable":true,"href":"https:\/\/www.tucomarca.com\/wordpress\/segunda\/wp-json\/wp\/v2\/categories?post=5365"},{"taxonomy":"post_tag","embeddable":true,"href":"https:\/\/www.tucomarca.com\/wordpress\/segunda\/wp-json\/wp\/v2\/tags?post=5365"}],"curies":[{"name":"wp","href":"https:\/\/api.w.org\/{rel}","templated":true}]}}