{"id":5374,"date":"2012-07-12T14:13:21","date_gmt":"2012-07-12T12:13:21","guid":{"rendered":"http:\/\/www.tucomarca.com\/wordpress\/segunda\/?p=5374"},"modified":"2012-07-12T19:18:00","modified_gmt":"2012-07-12T17:18:00","slug":"el-patronato-de-turismo-ha-patrocinado-la-feria-de-artesania-de-macastre","status":"publish","type":"post","link":"https:\/\/www.tucomarca.com\/wordpress\/segunda\/el-patronato-de-turismo-ha-patrocinado-la-feria-de-artesania-de-macastre\/","title":{"rendered":"El Patronato de Turismo ha patrocinado la Feria de Artesan\u00eda de Macastre"},"content":{"rendered":"<p><figure id=\"attachment_5375\" aria-describedby=\"caption-attachment-5375\" style=\"width: 300px\" class=\"wp-caption alignleft\"><a href=\"https:\/\/www.tucomarca.com\/wordpress\/segunda\/?attachment_id=5375\" rel=\"attachment wp-att-5375\"><img loading=\"lazy\" decoding=\"async\" src=\"https:\/\/www.tucomarca.com\/wordpress\/segunda\/wp-content\/uploads\/2012\/07\/convenio-Macastre-300x211.jpg\" alt=\"\" title=\"convenio Macastre\" width=\"300\" height=\"211\" class=\"size-medium wp-image-5375\" srcset=\"https:\/\/www.tucomarca.com\/wordpress\/segunda\/wp-content\/uploads\/2012\/07\/convenio-Macastre-300x211.jpg 300w, https:\/\/www.tucomarca.com\/wordpress\/segunda\/wp-content\/uploads\/2012\/07\/convenio-Macastre.jpg 357w\" sizes=\"auto, (max-width: 300px) 100vw, 300px\" \/><\/a><figcaption id=\"caption-attachment-5375\" class=\"wp-caption-text\">Diputado y alcaldesa durante la firma. tc.c<\/figcaption><\/figure>El diputado de Turismo, Ernesto Sanju\u00e1n, y la alcaldesa de Macastre, M\u00aa Jos\u00e9 Casero, han ratificado este mismo jueves el convenio de colaboraci\u00f3n para el patrocinio de la Feria de Artesan\u00eda de Macastre, celebrada el pasado mes de junio.<br \/>\nLa feria, que se celebr\u00f3 por primera vez en Macastre, ha potenciado y promocionado los productos tradicionales y de calidad del municipio y de la comarca de la Hoya de Bu\u00f1ol-Chiva. <\/p>\n","protected":false},"excerpt":{"rendered":"<div class=\"mh-excerpt\">El diputado de Turismo, Ernesto Sanju\u00e1n, y la alcaldesa de Macastre, M\u00aa Jos\u00e9 Casero, han ratificado este mismo jueves el convenio de colaboraci\u00f3n para el patrocinio de la Feria de Artesan\u00eda de Macastre, celebrada el <a class=\"mh-excerpt-more\" href=\"https:\/\/www.tucomarca.com\/wordpress\/segunda\/el-patronato-de-turismo-ha-patrocinado-la-feria-de-artesania-de-macastre\/\" title=\"El Patronato de Turismo ha patrocinado la Feria de Artesan\u00eda de Macastre\">[+] <\/a><\/div>\n","protected":false},"author":2,"featured_media":5375,"comment_status":"open","ping_status":"open","sticky":false,"template":"","format":"standard","meta":{"footnotes":""},"categories":[8,10,13,142,3],"tags":[326],"class_list":{"0":"post-5374","1":"post","2":"type-post","3":"status-publish","4":"format-standard","5":"has-post-thumbnail","7":"category-la-comarca","8":"category-la-hoya","9":"category-macastre","10":"category-politica-la-comarca","11":"category-seccion","12":"tag-convenio"},"_links":{"self":[{"href":"https:\/\/www.tucomarca.com\/wordpress\/segunda\/wp-json\/wp\/v2\/posts\/5374","targetHints":{"allow":["GET"]}}],"collection":[{"href":"https:\/\/www.tucomarca.com\/wordpress\/segunda\/wp-json\/wp\/v2\/posts"}],"about":[{"href":"https:\/\/www.tucomarca.com\/wordpress\/segunda\/wp-json\/wp\/v2\/types\/post"}],"author":[{"embeddable":true,"href":"https:\/\/www.tucomarca.com\/wordpress\/segunda\/wp-json\/wp\/v2\/users\/2"}],"replies":[{"embeddable":true,"href":"https:\/\/www.tucomarca.com\/wordpress\/segunda\/wp-json\/wp\/v2\/comments?post=5374"}],"version-history":[{"count":0,"href":"https:\/\/www.tucomarca.com\/wordpress\/segunda\/wp-json\/wp\/v2\/posts\/5374\/revisions"}],"wp:featuredmedia":[{"embeddable":true,"href":"https:\/\/www.tucomarca.com\/wordpress\/segunda\/wp-json\/wp\/v2\/media\/5375"}],"wp:attachment":[{"href":"https:\/\/www.tucomarca.com\/wordpress\/segunda\/wp-json\/wp\/v2\/media?parent=5374"}],"wp:term":[{"taxonomy":"category","embeddable":true,"href":"https:\/\/www.tucomarca.com\/wordpress\/segunda\/wp-json\/wp\/v2\/categories?post=5374"},{"taxonomy":"post_tag","embeddable":true,"href":"https:\/\/www.tucomarca.com\/wordpress\/segunda\/wp-json\/wp\/v2\/tags?post=5374"}],"curies":[{"name":"wp","href":"https:\/\/api.w.org\/{rel}","templated":true}]}}