{"id":54067,"date":"2017-02-07T21:41:35","date_gmt":"2017-02-07T18:41:35","guid":{"rendered":"http:\/\/www.tucomarca.com\/wordpress\/segunda\/?p=54067"},"modified":"2017-02-07T21:41:35","modified_gmt":"2017-02-07T18:41:35","slug":"el-5-de-marzo-llega-la-21-media-maraton-riba-roja-de-turia-y-el-i-5k-riba-roja-de-turia","status":"publish","type":"post","link":"https:\/\/www.tucomarca.com\/wordpress\/segunda\/el-5-de-marzo-llega-la-21-media-maraton-riba-roja-de-turia-y-el-i-5k-riba-roja-de-turia\/","title":{"rendered":"EL 5 de marzo llega la 21 Media Marat\u00f3n Riba-Roja de T\u00faria y el I 5k Riba-Roja de T\u00faria"},"content":{"rendered":"<p><span style=\"color: #000000;\"><span style=\"font-family: raleway, sans-serif;\">De nuevo Riba-roja se viste de corto para acoger una de las pruebas deportivas con mayor arraigo de la provincia, la <\/span><span style=\"font-family: raleway, sans-serif;\">21 Media Marat\u00f3n Riba-roja de T\u00faria.<\/span><\/span><\/p>\n<p><span style=\"color: #000000;\"><span style=\"font-family: raleway, sans-serif;\">El pr\u00f3ximo<\/span><span style=\"font-family: raleway, sans-serif;\"> <\/span><span style=\"font-family: raleway, sans-serif;\">5 de marzo a las 10.00 h<\/span><span style=\"font-family: raleway, sans-serif;\">,<\/span><span style=\"font-family: raleway, sans-serif;\"> las calles de Riba-roja colver\u00e1n a vibrar al paso de la marea de corredores, que disfrutar\u00e1n un a\u00f1o m\u00e1s de una carrera espectacular, que discurre por enclaves \u00fanicos como el Castell o el Parque Natural del T\u00faria.<\/span><\/span><\/p>\n<p>Adem\u00e1s por primera a\u00f1o se incorpora el <span style=\"font-family: raleway, sans-serif;\">I 5k Ribar-roja de T\u00faria<\/span><span style=\"font-family: raleway, sans-serif;\">, una carrera al alcance de aquellos corredores aficionados que todav\u00eda no han dado paso a la Media, pero que desean vivir con intensidad, la gran fiesta del deporte que supone un evento de \u00e9stas caracter\u00edsticas.<\/span><\/p>\n<p>Este a\u00f1o, la carrera adquiere un cariz solidaria aportando <span style=\"font-family: raleway, sans-serif;\">1\u20ac de la inscripci\u00f3n<\/span><span style=\"font-family: raleway, sans-serif;\"> a financiar un<\/span><span style=\"font-family: raleway, sans-serif;\"> proyecto humanitario en Hait\u00ed <\/span><span style=\"font-family: raleway, sans-serif;\">a trav\u00e9s de <\/span><span style=\"font-family: raleway, sans-serif;\">C\u00e1ritas Joven.<\/span><\/p>\n","protected":false},"excerpt":{"rendered":"<div class=\"mh-excerpt\">De nuevo Riba-roja se viste de corto para acoger una de las pruebas deportivas con mayor arraigo de la provincia, la 21 Media Marat\u00f3n Riba-roja de T\u00faria. El pr\u00f3ximo 5 de marzo a las 10.00 <a class=\"mh-excerpt-more\" href=\"https:\/\/www.tucomarca.com\/wordpress\/segunda\/el-5-de-marzo-llega-la-21-media-maraton-riba-roja-de-turia-y-el-i-5k-riba-roja-de-turia\/\" title=\"EL 5 de marzo llega la 21 Media Marat\u00f3n Riba-Roja de T\u00faria y el I 5k Riba-Roja de T\u00faria\">[+] <\/a><\/div>\n","protected":false},"author":1,"featured_media":0,"comment_status":"open","ping_status":"open","sticky":false,"template":"","format":"standard","meta":{"footnotes":""},"categories":[98,46,6,3],"tags":[],"class_list":{"0":"post-54067","1":"post","2":"type-post","3":"status-publish","4":"format-standard","6":"category-atletismo","7":"category-camp-de-turia","8":"category-deportes","9":"category-seccion"},"_links":{"self":[{"href":"https:\/\/www.tucomarca.com\/wordpress\/segunda\/wp-json\/wp\/v2\/posts\/54067","targetHints":{"allow":["GET"]}}],"collection":[{"href":"https:\/\/www.tucomarca.com\/wordpress\/segunda\/wp-json\/wp\/v2\/posts"}],"about":[{"href":"https:\/\/www.tucomarca.com\/wordpress\/segunda\/wp-json\/wp\/v2\/types\/post"}],"author":[{"embeddable":true,"href":"https:\/\/www.tucomarca.com\/wordpress\/segunda\/wp-json\/wp\/v2\/users\/1"}],"replies":[{"embeddable":true,"href":"https:\/\/www.tucomarca.com\/wordpress\/segunda\/wp-json\/wp\/v2\/comments?post=54067"}],"version-history":[{"count":0,"href":"https:\/\/www.tucomarca.com\/wordpress\/segunda\/wp-json\/wp\/v2\/posts\/54067\/revisions"}],"wp:attachment":[{"href":"https:\/\/www.tucomarca.com\/wordpress\/segunda\/wp-json\/wp\/v2\/media?parent=54067"}],"wp:term":[{"taxonomy":"category","embeddable":true,"href":"https:\/\/www.tucomarca.com\/wordpress\/segunda\/wp-json\/wp\/v2\/categories?post=54067"},{"taxonomy":"post_tag","embeddable":true,"href":"https:\/\/www.tucomarca.com\/wordpress\/segunda\/wp-json\/wp\/v2\/tags?post=54067"}],"curies":[{"name":"wp","href":"https:\/\/api.w.org\/{rel}","templated":true}]}}