{"id":54294,"date":"2017-02-15T19:32:26","date_gmt":"2017-02-15T16:32:26","guid":{"rendered":"http:\/\/www.tucomarca.com\/wordpress\/segunda\/?p=54294"},"modified":"2017-02-15T19:32:26","modified_gmt":"2017-02-15T16:32:26","slug":"la-diputacion-destina-71-000-euros-a-los-municipios-de-la-hoya-de-bunol-chiva-para-impulsar-la-contratacion-de-parados-de-larga-duracion","status":"publish","type":"post","link":"https:\/\/www.tucomarca.com\/wordpress\/segunda\/la-diputacion-destina-71-000-euros-a-los-municipios-de-la-hoya-de-bunol-chiva-para-impulsar-la-contratacion-de-parados-de-larga-duracion\/","title":{"rendered":"La Diputaci\u00f3n destina 71.000 euros a los municipios de La Hoya de Bu\u00f1ol-Chiva para impulsar la contrataci\u00f3n de parados de larga duraci\u00f3n"},"content":{"rendered":"<p>La Diputaci\u00f3n de Valencia ha puesto en marcha un Plan de Empleo dotado con 3 millones de euros dirigido a los municipios valencianos para contrarrestar el repunte del paro que tradicionalmente se produce tras las campa\u00f1as de Navidad y Rebajas. Un Plan que en el caso de La Hoya de Bu\u00f1ol-Chiva distribuir\u00e1 un total de 71.060 euros, atendiendo a un criterio objetivo como es el n\u00famero de desempleados de cada municipio, lo que permitir\u00e1 crear en torno a veinticinco puestos de trabajo.<\/p>\n<p>Con este plan, la instituci\u00f3n provincial se suma al programa de fomento del empleo de la Generalitat Valenciana y aportar\u00e1 tres millones de euros de sus fondos propios para promover la contrataci\u00f3n de desempleados en los municipios valencianos. En palabras del presidente, Jorge Rodr\u00edguez, \u201cdespu\u00e9s de mantener o generar puestos de trabajo para 2.500 personas con el Plan de Inversiones Financieramente Sostenibles, la Diputaci\u00f3n ha querido dar un paso m\u00e1s destinando 3 millones de euros a que los ayuntamientos pongan en marcha planes que saquen del paro a sus vecinos, coincidiendo con un momento del a\u00f1o en el que suelen repuntar las cifras de parados\u201d.<\/p>\n<p>Para ello, cada ayuntamiento contar\u00e1 con una cantidad fija de 1.900 euros y otra variable, en funci\u00f3n del n\u00famero de desempleados registrados, de forma que se garantice que todos los municipios puedan contratar al menos a una persona. As\u00ed, Dos Aguas, Siete Aguas y Alborache, que son las que cuentan con un menor n\u00famero de desempleados, por debajo de los 80, recibir\u00e1n entre 2.500 y 3.159 euros. En el lado contrario se encuentran, Cheste y Bu\u00f1ol, con 664 y 739 personas en situaci\u00f3n de desempleo y que contar\u00e1n con 12.352 y 13.533 euros, respectivamente, adem\u00e1s de Chiva, donde el n\u00famero de demandantes de empleo alcanza los 1.301 y que recibir\u00e1 22.379 euros para generar nuevas contrataciones.<\/p>\n<p>En total, en La Hoya de Bu\u00f1ol-Chiva, con 9 municipios, figuran inscritos como demandantes de empleo 3.428 vecinos y vecinas, lo que representa el 2,17% del paro acumulado en las comarcas valencianas, exceptuando Valencia ciudad.<\/p>\n<p>Los fondos puestos a disposici\u00f3n por la Diputaci\u00f3n de Valencia persiguen garantizar que todos los municipios puedan poner en marcha planes de empleo locales en un momento de especial dificultad en el mercado laboral, una vez concluidas las campa\u00f1as de Navidad y de Rebajas. En l\u00ednea con este objetivo, las contrataciones, que se podr\u00e1n realizar hasta ma\u00f1ana, 15 de febrero, deber\u00e1n ser por un periodo de al menos 3 meses y con una jornada de 30 horas semanales. Teniendo en cuenta estos criterios y los fondos asignados, en los municipios de La Hoya podr\u00edan realizarse en esta campa\u00f1a en torno a veinticinco contrataciones.<\/p>\n<p>Respecto al tipo de puestos de empleo que se crear\u00e1n, la Diputada de Asesoramiento Municipal, Conxa Garcia, ha declarado que la ejecuci\u00f3n de obras y servicios de inter\u00e9s general y social deber\u00e1 ser el criterio que predomine en las contrataciones, \u201cde forma que el plan sirva no s\u00f3lo para ayudar a la empleabilidad sino que de alg\u00fan modo este beneficio repercuta tambi\u00e9n en el resto de los vecinos y vecinas de la poblaci\u00f3n\u201d, ha declarado.<\/p>\n<p><strong>Utilidad colectiva<\/strong><\/p>\n<p>As\u00ed, las actuaciones o servicios de inter\u00e9s general o social se dividen en tres grupos: servicios de utilidad colectiva, servicios de ocio y culturales y servicios personalizados de car\u00e1cter cotidiano. Entre los considerados de utilidad colectiva, se encuentran la mejora y mantenimiento de inmuebles, la revalorizaci\u00f3n de espacios p\u00fablicos degradados, el transporte colectivo, y actividades que tengan relaci\u00f3n con la gesti\u00f3n de residuos o de aguas, la protecci\u00f3n y mantenimiento de zonas naturales y el control de la energ\u00eda.<\/p>\n<p>En los servicios de ocio y culturales se enmarcar\u00edan actuaciones de promoci\u00f3n tur\u00edstica, desarrollo cultural local o de promoci\u00f3n del deporte, y aquellas incardinadas en el sector audiovisual o en el mantenimiento del patrimonio cultural. Por \u00faltimo, en cuanto a los servicios personalizados de car\u00e1cter cotidiano, la orden incluye entre ellos los de cuidado de ni\u00f1os, la prestaci\u00f3n de servicios a domicilio a personas incapacitadas o mayores y la ayuda a j\u00f3venes en dificultad y con desarraigo social.<\/p>\n<p>Para la selecci\u00f3n de los trabajadores, las entidades podr\u00e1n solicitar oferta de empleo al centro Servef que les corresponda o bien contratar a trabajadores de las bolsas de trabajo que pudieran tener constituidas con anterioridad a la publicaci\u00f3n de las bases, siempre que se trate de personas desempleadas, inscritas como demandantes de empleo en alg\u00fan centro Servef de la Comunidad Valenciana y que mantengan esta condici\u00f3n en el momento de la contrataci\u00f3n..<\/p>\n","protected":false},"excerpt":{"rendered":"<div class=\"mh-excerpt\">La Diputaci\u00f3n de Valencia ha puesto en marcha un Plan de Empleo dotado con 3 millones de euros dirigido a los municipios valencianos para contrarrestar el repunte del paro que tradicionalmente se produce tras las <a class=\"mh-excerpt-more\" href=\"https:\/\/www.tucomarca.com\/wordpress\/segunda\/la-diputacion-destina-71-000-euros-a-los-municipios-de-la-hoya-de-bunol-chiva-para-impulsar-la-contratacion-de-parados-de-larga-duracion\/\" title=\"La Diputaci\u00f3n destina 71.000 euros a los municipios de La Hoya de Bu\u00f1ol-Chiva para impulsar la contrataci\u00f3n de parados de larga duraci\u00f3n\">[+] <\/a><\/div>\n","protected":false},"author":1,"featured_media":0,"comment_status":"open","ping_status":"open","sticky":false,"template":"","format":"standard","meta":{"footnotes":""},"categories":[19,18,17,16,15,14,128,8,10,13,142,3,12,11],"tags":[],"class_list":{"0":"post-54294","1":"post","2":"type-post","3":"status-publish","4":"format-standard","6":"category-alborache","7":"category-bunol","8":"category-cheste","9":"category-chiva","10":"category-dos-aguas","11":"category-godelleta","12":"category-infraestructuras","13":"category-la-comarca","14":"category-la-hoya","15":"category-macastre","16":"category-politica-la-comarca","17":"category-seccion","18":"category-siete-aguas","19":"category-yatova"},"_links":{"self":[{"href":"https:\/\/www.tucomarca.com\/wordpress\/segunda\/wp-json\/wp\/v2\/posts\/54294","targetHints":{"allow":["GET"]}}],"collection":[{"href":"https:\/\/www.tucomarca.com\/wordpress\/segunda\/wp-json\/wp\/v2\/posts"}],"about":[{"href":"https:\/\/www.tucomarca.com\/wordpress\/segunda\/wp-json\/wp\/v2\/types\/post"}],"author":[{"embeddable":true,"href":"https:\/\/www.tucomarca.com\/wordpress\/segunda\/wp-json\/wp\/v2\/users\/1"}],"replies":[{"embeddable":true,"href":"https:\/\/www.tucomarca.com\/wordpress\/segunda\/wp-json\/wp\/v2\/comments?post=54294"}],"version-history":[{"count":0,"href":"https:\/\/www.tucomarca.com\/wordpress\/segunda\/wp-json\/wp\/v2\/posts\/54294\/revisions"}],"wp:attachment":[{"href":"https:\/\/www.tucomarca.com\/wordpress\/segunda\/wp-json\/wp\/v2\/media?parent=54294"}],"wp:term":[{"taxonomy":"category","embeddable":true,"href":"https:\/\/www.tucomarca.com\/wordpress\/segunda\/wp-json\/wp\/v2\/categories?post=54294"},{"taxonomy":"post_tag","embeddable":true,"href":"https:\/\/www.tucomarca.com\/wordpress\/segunda\/wp-json\/wp\/v2\/tags?post=54294"}],"curies":[{"name":"wp","href":"https:\/\/api.w.org\/{rel}","templated":true}]}}