{"id":54330,"date":"2017-02-18T00:37:52","date_gmt":"2017-02-17T21:37:52","guid":{"rendered":"http:\/\/www.tucomarca.com\/wordpress\/segunda\/?p=54330"},"modified":"2017-02-18T00:37:52","modified_gmt":"2017-02-17T21:37:52","slug":"leliana-equipara-servicios-sociales-como-servicios-esenciales-para-mejorar-la-atencion-a-dependientes-y-personas-en-riesgo-de-exclusion","status":"publish","type":"post","link":"https:\/\/www.tucomarca.com\/wordpress\/segunda\/leliana-equipara-servicios-sociales-como-servicios-esenciales-para-mejorar-la-atencion-a-dependientes-y-personas-en-riesgo-de-exclusion\/","title":{"rendered":"L&#8217;Eliana equipara Servicios Sociales como Servicios Esenciales para mejorar la atenci\u00f3n a dependientes y personas en riesgo de exclusi\u00f3n"},"content":{"rendered":"<p>Tal y como explic\u00f3 la responsable de Servicios Sociales en el consistorio, Cristina D\u00edaz, \u201cla Generalitat Valenciana ha incrementado en 20 millones de euros la inversi\u00f3n para el desarrollo de los Servicios Sociales y la Atenci\u00f3n a la Dependencia en los Ayuntamientos. En el caso de l\u2019Eliana, la subvenci\u00f3n es de 291.060 euros, que se quieren emplear en la contrataci\u00f3n de personal que nos ayude a ofrecer un mejor servicio a las personas en situaci\u00f3n de riesgo social o en peligro de acabar en dicha situaci\u00f3n\u201d.<\/p>\n<p>La Ley 13\/2016, de 23 de diciembre, establece que las entidades locales ampl\u00edan sus competencias a \u201cla planificaci\u00f3n, coordinaci\u00f3n y financiaci\u00f3n auton\u00f3mica de los recursos necesarios para la atenci\u00f3n de las personas en situaci\u00f3n de dependencia, en especial la relativas a los servicios de promoci\u00f3n de la autonom\u00eda personal, servicios de ayuda a domicilio y la actividad de aplicaci\u00f3n t\u00e9cnica del instrumento de valoraci\u00f3n\u201d.<\/p>\n<p>\u201cPara evitar dudas en la interpretaci\u00f3n de la normativa vigente y superar las limitaciones en las contrataciones de personal que impone la Administraci\u00f3n General del Estado, hemos consensuado el texto con la Federaci\u00f3n de Municipios y Provincias, para facilitar la implantaci\u00f3n del nuevo modelo de Servicios Sociales en todos los municipios\u201d, explica la edil de dicha \u00e1rea en el Ayuntamiento de l\u2019Eliana.<\/p>\n<p>\u201cAprobando esta moci\u00f3n, mejoraran los Servicios Sociales\u2026 especialmente las personas en situaci\u00f3n de Dependencia, durante tanto tiempo dejadas de lado por el anterior gobierno de nuestra autonom\u00eda. Ahora podremos contratar a m\u00e1s personal sin que el Estado lo impida, lo que dinamizar\u00e1 la contrataci\u00f3n de personal cualificado, cosa que es buena porque se puede reducir el desempleo\u2026 y, sobre todo, esto ayudar\u00e1 a prestar una mejor y m\u00e1s inmediata atenci\u00f3n a las personas que m\u00e1s lo necesitan\u201d, concluye Cristina D\u00edaz.<\/p>\n","protected":false},"excerpt":{"rendered":"<div class=\"mh-excerpt\">Tal y como explic\u00f3 la responsable de Servicios Sociales en el consistorio, Cristina D\u00edaz, \u201cla Generalitat Valenciana ha incrementado en 20 millones de euros la inversi\u00f3n para el desarrollo de los Servicios Sociales y la <a class=\"mh-excerpt-more\" href=\"https:\/\/www.tucomarca.com\/wordpress\/segunda\/leliana-equipara-servicios-sociales-como-servicios-esenciales-para-mejorar-la-atencion-a-dependientes-y-personas-en-riesgo-de-exclusion\/\" title=\"L&#8217;Eliana equipara Servicios Sociales como Servicios Esenciales para mejorar la atenci\u00f3n a dependientes y personas en riesgo de exclusi\u00f3n\">[+] <\/a><\/div>\n","protected":false},"author":1,"featured_media":0,"comment_status":"open","ping_status":"open","sticky":false,"template":"","format":"standard","meta":{"footnotes":""},"categories":[46,177,8,3],"tags":[],"class_list":{"0":"post-54330","1":"post","2":"type-post","3":"status-publish","4":"format-standard","6":"category-camp-de-turia","7":"category-leliana","8":"category-la-comarca","9":"category-seccion"},"_links":{"self":[{"href":"https:\/\/www.tucomarca.com\/wordpress\/segunda\/wp-json\/wp\/v2\/posts\/54330","targetHints":{"allow":["GET"]}}],"collection":[{"href":"https:\/\/www.tucomarca.com\/wordpress\/segunda\/wp-json\/wp\/v2\/posts"}],"about":[{"href":"https:\/\/www.tucomarca.com\/wordpress\/segunda\/wp-json\/wp\/v2\/types\/post"}],"author":[{"embeddable":true,"href":"https:\/\/www.tucomarca.com\/wordpress\/segunda\/wp-json\/wp\/v2\/users\/1"}],"replies":[{"embeddable":true,"href":"https:\/\/www.tucomarca.com\/wordpress\/segunda\/wp-json\/wp\/v2\/comments?post=54330"}],"version-history":[{"count":0,"href":"https:\/\/www.tucomarca.com\/wordpress\/segunda\/wp-json\/wp\/v2\/posts\/54330\/revisions"}],"wp:attachment":[{"href":"https:\/\/www.tucomarca.com\/wordpress\/segunda\/wp-json\/wp\/v2\/media?parent=54330"}],"wp:term":[{"taxonomy":"category","embeddable":true,"href":"https:\/\/www.tucomarca.com\/wordpress\/segunda\/wp-json\/wp\/v2\/categories?post=54330"},{"taxonomy":"post_tag","embeddable":true,"href":"https:\/\/www.tucomarca.com\/wordpress\/segunda\/wp-json\/wp\/v2\/tags?post=54330"}],"curies":[{"name":"wp","href":"https:\/\/api.w.org\/{rel}","templated":true}]}}