{"id":54337,"date":"2017-02-17T22:58:15","date_gmt":"2017-02-17T19:58:15","guid":{"rendered":"http:\/\/www.tucomarca.com\/wordpress\/segunda\/?p=54337"},"modified":"2017-02-18T00:23:48","modified_gmt":"2017-02-17T21:23:48","slug":"la-ejecutiva-comarcal-de-lhorta-sud-invita-a-todos-los-candidatos-a-la-secretaria-general-del-psoe-a-exponer-sus-programas","status":"publish","type":"post","link":"https:\/\/www.tucomarca.com\/wordpress\/segunda\/la-ejecutiva-comarcal-de-lhorta-sud-invita-a-todos-los-candidatos-a-la-secretaria-general-del-psoe-a-exponer-sus-programas\/","title":{"rendered":"La Ejecutiva Comarcal de l\u2019Horta Sud invita a todos los candidatos a la secretar\u00eda general del PSOE a exponer sus programas"},"content":{"rendered":"<p>La Ejecutiva Comarcal de l\u2019Horta Sud se ha declarado imparcial y ha invitado a todas y todos los candidatos a la Secretar\u00eda General del PSOE a visitar los municipios de la comarca para presentar sus proyectos. De momento, ya se han mantenido contactos con Pedro L\u00f3pez y Patxi L\u00f3pez, a la espera de futuras candidaturas.<\/p>\n<p>As\u00ed lo ha explicado el secretario general del PSPV en la comarca, Ram\u00f3n Mar\u00ed, quien ha asegurado que \u201cdesde la Ejecutiva Comarcal de l\u2019Horta Sud nos vamos a mantener imparciales frente a las pr\u00f3ximas primarias, siempre abiertos a escuchar todas las propuestas\u201d.<\/p>\n<p>Con esta medida, que se acord\u00f3 en la \u00faltima reuni\u00f3n del grupo, celebrada el pasado 6 de febrero en Torrent, su sede comarcal, la Ejecutiva Comarcal pretende dar a todas las candidaturas la oportunidad de dirigirse a los militantes de la comarca.<\/p>\n<p>&nbsp;<\/p>\n","protected":false},"excerpt":{"rendered":"<div class=\"mh-excerpt\">La Ejecutiva Comarcal de l\u2019Horta Sud se ha declarado imparcial y ha invitado a todas y todos los candidatos a la Secretar\u00eda General del PSOE a visitar los municipios de la comarca para presentar sus <a class=\"mh-excerpt-more\" href=\"https:\/\/www.tucomarca.com\/wordpress\/segunda\/la-ejecutiva-comarcal-de-lhorta-sud-invita-a-todos-los-candidatos-a-la-secretaria-general-del-psoe-a-exponer-sus-programas\/\" title=\"La Ejecutiva Comarcal de l\u2019Horta Sud invita a todos los candidatos a la secretar\u00eda general del PSOE a exponer sus programas\">[+] <\/a><\/div>\n","protected":false},"author":1,"featured_media":0,"comment_status":"open","ping_status":"open","sticky":false,"template":"","format":"standard","meta":{"footnotes":""},"categories":[8,72,142,3],"tags":[],"class_list":{"0":"post-54337","1":"post","2":"type-post","3":"status-publish","4":"format-standard","6":"category-la-comarca","7":"category-sin-categorizar","8":"category-politica-la-comarca","9":"category-seccion"},"_links":{"self":[{"href":"https:\/\/www.tucomarca.com\/wordpress\/segunda\/wp-json\/wp\/v2\/posts\/54337","targetHints":{"allow":["GET"]}}],"collection":[{"href":"https:\/\/www.tucomarca.com\/wordpress\/segunda\/wp-json\/wp\/v2\/posts"}],"about":[{"href":"https:\/\/www.tucomarca.com\/wordpress\/segunda\/wp-json\/wp\/v2\/types\/post"}],"author":[{"embeddable":true,"href":"https:\/\/www.tucomarca.com\/wordpress\/segunda\/wp-json\/wp\/v2\/users\/1"}],"replies":[{"embeddable":true,"href":"https:\/\/www.tucomarca.com\/wordpress\/segunda\/wp-json\/wp\/v2\/comments?post=54337"}],"version-history":[{"count":0,"href":"https:\/\/www.tucomarca.com\/wordpress\/segunda\/wp-json\/wp\/v2\/posts\/54337\/revisions"}],"wp:attachment":[{"href":"https:\/\/www.tucomarca.com\/wordpress\/segunda\/wp-json\/wp\/v2\/media?parent=54337"}],"wp:term":[{"taxonomy":"category","embeddable":true,"href":"https:\/\/www.tucomarca.com\/wordpress\/segunda\/wp-json\/wp\/v2\/categories?post=54337"},{"taxonomy":"post_tag","embeddable":true,"href":"https:\/\/www.tucomarca.com\/wordpress\/segunda\/wp-json\/wp\/v2\/tags?post=54337"}],"curies":[{"name":"wp","href":"https:\/\/api.w.org\/{rel}","templated":true}]}}