{"id":54340,"date":"2017-02-17T23:02:51","date_gmt":"2017-02-17T20:02:51","guid":{"rendered":"http:\/\/www.tucomarca.com\/wordpress\/segunda\/?p=54340"},"modified":"2017-02-17T23:02:51","modified_gmt":"2017-02-17T20:02:51","slug":"casi-80-000-usuarios-utilizan-la-biblioteca-publica-municipal-de-requena","status":"publish","type":"post","link":"https:\/\/www.tucomarca.com\/wordpress\/segunda\/casi-80-000-usuarios-utilizan-la-biblioteca-publica-municipal-de-requena\/","title":{"rendered":"Casi 80.000 usuarios utilizan la Biblioteca P\u00fablica Municipal de Requena"},"content":{"rendered":"<figure id=\"attachment_54341\" aria-describedby=\"caption-attachment-54341\" style=\"width: 300px\" class=\"wp-caption alignleft\"><a href=\"https:\/\/www.tucomarca.com\/wordpress\/segunda\/wp-content\/uploads\/2017\/02\/Cuentacuentos.png\"><img loading=\"lazy\" decoding=\"async\" class=\"size-medium wp-image-54341\" title=\"Cuentacuentos\" src=\"https:\/\/www.tucomarca.com\/wordpress\/segunda\/wp-content\/uploads\/2017\/02\/Cuentacuentos-300x200.png\" alt=\"Durante 2016 han sido 79.188 los usuarios que han utilizado los servicios de la biblioteca.\" width=\"300\" height=\"200\" srcset=\"https:\/\/www.tucomarca.com\/wordpress\/segunda\/wp-content\/uploads\/2017\/02\/Cuentacuentos-300x200.png 300w, https:\/\/www.tucomarca.com\/wordpress\/segunda\/wp-content\/uploads\/2017\/02\/Cuentacuentos.png 1000w\" sizes=\"auto, (max-width: 300px) 100vw, 300px\" \/><\/a><figcaption id=\"caption-attachment-54341\" class=\"wp-caption-text\">Durante 2016 han sido 79.188 los usuarios que han utilizado los servicios de la biblioteca.<\/figcaption><\/figure>\n<p>Una vez m\u00e1s, el balance de gesti\u00f3n y actuaciones de la Biblioteca P\u00fablica de Requena sigue aportando unos buenos niveles de utilizaci\u00f3n, muy superiores a la media nacional y valenciana e incrementando la distancia positiva con las ratios anteriores.<\/p>\n<p>Adem\u00e1s, destacan las sesenta y cuatro actividades de animaci\u00f3n lectora por las que la biblioteca ha sido nuevamente premiada con el \u201cMar\u00eda Moliner\u201d a la animaci\u00f3n lectora. A lo largo del a\u00f1o la biblioteca desarrolla numerosos programas exitosos como los cursos Aula Abierta, Feria del Libro, Bibliopiscina, Peque\u00f1os Bibliotecarios, Contescoltes, etc. Toda la memoria \u00edntegra se puede consultar en:<\/p>\n<p>http:\/\/www.bibliotecaspublicas.es\/requena\/imagenes\/Memoria_biblioteca_2016_web.pdf<\/p>\n<p>Durante 2016 han sido 79.188 los usuarios que han utilizado los servicios de la biblioteca, lo que ofrece una ratio de 4,4 visitas por habitante, muy superior a la media de la Comunidad Valenciana que es un 1\u00b486 y a la espa\u00f1ola que es un 2\u00b433. Las visitas se desglosan en 27.200 hombres, 27.118 mujeres, 12.630 ni\u00f1os y 12.240 ni\u00f1as. Son 4.595 los socios inscritos (3.109 adultos, 1.401 infantiles m\u00e1s 85 de otras tipolog\u00edas). Un 25 % de la poblaci\u00f3n de Requena y sus aldeas es socia activa de la biblioteca. 367 socios se dieron de alta en 2016.<\/p>\n<p>Se han prestado 21.949 documentos, de los cuales 14.538 son libros en castellano, 351 en valenciano, 178 en otros idiomas, 6.882 dvds y 102 pr\u00e9stamos interbibliotecarios realizados a otras bibliotecas valencianas y espa\u00f1olas. La ratio es de 1&#8217;19 pr\u00e9stamos x habitante, superior a la de la Comunidad Valenciana (0&#8217;83) y a la espa\u00f1ola (1,12).<\/p>\n<p>47.526 son los documentos que forman parte del fondo bibliogr\u00e1fico y audiovisual. Se han incorporado 2.368 libros y dvds nuevos en 2016, lo que representa una actualizaci\u00f3n importante del fondo. Durante 2016 y 2017 el Ayuntamiento ha incrementado significativamente la partida presupuestaria dedicada a la adquisici\u00f3n bibliogr\u00e1fica. La ratio documentos\/habitante de Requena (2,59) prosigue siendo bastante m\u00e1s elevada que la valenciana (1,52) y nacional (1&#8217;81). Se sigue incrementando la secci\u00f3n comarcal que alcanza los 3.220 \u00edtems.<\/p>\n<p>El servicio de consulta p\u00fablica de Internet ha registrado una media de cuarenta y cinco sesiones de media diaria, lo que ofrece un resultado de 10.800 sesiones. Se han renovado tres de los equipos de consulta. La p\u00e1gina web que comparten la biblioteca y el archivo ha registrado 21.398 consultas, destacando las 12.158 consultas al cat\u00e1logo de la biblioteca y las 3.022 a la secci\u00f3n de animaci\u00f3n lectora.<\/p>\n<p>Un cap\u00edtulo destacado de la biblioteca es el de fomento del h\u00e1bito lector y actividades paralelas en las que se han registrado sesenta y cuatro actuaciones: diez cuenta-cuentos; catorce cursos de Aula Abierta; diez presentaciones de libros; seis visitas de colectivos; dos exposiciones; dos espect\u00e1culos teatrales; un recital po\u00e9tico; una Muestra de Cuentacuentos \u201cContescoltes\u201d dedicada a contar para prelectores; cuatro actuaciones musicales; campa\u00f1as espec\u00edficas como \u201cPeque\u00f1os Bibliotecarios\u201d y \u201cCon tu ayuda, un libro\u201d; ocho estands bibliogr\u00e1ficos y otros eventos y programas como la Bibliopiscina de Verano o la Feria del Libro.<\/p>\n","protected":false},"excerpt":{"rendered":"<div class=\"mh-excerpt\">Una vez m\u00e1s, el balance de gesti\u00f3n y actuaciones de la Biblioteca P\u00fablica de Requena sigue aportando unos buenos niveles de utilizaci\u00f3n, muy superiores a la media nacional y valenciana e incrementando la distancia positiva <a class=\"mh-excerpt-more\" href=\"https:\/\/www.tucomarca.com\/wordpress\/segunda\/casi-80-000-usuarios-utilizan-la-biblioteca-publica-municipal-de-requena\/\" title=\"Casi 80.000 usuarios utilizan la Biblioteca P\u00fablica Municipal de Requena\">[+] <\/a><\/div>\n","protected":false},"author":1,"featured_media":54341,"comment_status":"open","ping_status":"open","sticky":false,"template":"","format":"standard","meta":{"footnotes":""},"categories":[7,28,27,3,45],"tags":[],"class_list":{"0":"post-54340","1":"post","2":"type-post","3":"status-publish","4":"format-standard","5":"has-post-thumbnail","7":"category-ocio-y-cultura","8":"category-requena","9":"category-requena-utiel","10":"category-seccion","11":"category-ventana"},"_links":{"self":[{"href":"https:\/\/www.tucomarca.com\/wordpress\/segunda\/wp-json\/wp\/v2\/posts\/54340","targetHints":{"allow":["GET"]}}],"collection":[{"href":"https:\/\/www.tucomarca.com\/wordpress\/segunda\/wp-json\/wp\/v2\/posts"}],"about":[{"href":"https:\/\/www.tucomarca.com\/wordpress\/segunda\/wp-json\/wp\/v2\/types\/post"}],"author":[{"embeddable":true,"href":"https:\/\/www.tucomarca.com\/wordpress\/segunda\/wp-json\/wp\/v2\/users\/1"}],"replies":[{"embeddable":true,"href":"https:\/\/www.tucomarca.com\/wordpress\/segunda\/wp-json\/wp\/v2\/comments?post=54340"}],"version-history":[{"count":0,"href":"https:\/\/www.tucomarca.com\/wordpress\/segunda\/wp-json\/wp\/v2\/posts\/54340\/revisions"}],"wp:featuredmedia":[{"embeddable":true,"href":"https:\/\/www.tucomarca.com\/wordpress\/segunda\/wp-json\/wp\/v2\/media\/54341"}],"wp:attachment":[{"href":"https:\/\/www.tucomarca.com\/wordpress\/segunda\/wp-json\/wp\/v2\/media?parent=54340"}],"wp:term":[{"taxonomy":"category","embeddable":true,"href":"https:\/\/www.tucomarca.com\/wordpress\/segunda\/wp-json\/wp\/v2\/categories?post=54340"},{"taxonomy":"post_tag","embeddable":true,"href":"https:\/\/www.tucomarca.com\/wordpress\/segunda\/wp-json\/wp\/v2\/tags?post=54340"}],"curies":[{"name":"wp","href":"https:\/\/api.w.org\/{rel}","templated":true}]}}