{"id":54343,"date":"2017-02-17T23:06:52","date_gmt":"2017-02-17T20:06:52","guid":{"rendered":"http:\/\/www.tucomarca.com\/wordpress\/segunda\/?p=54343"},"modified":"2017-02-17T23:06:52","modified_gmt":"2017-02-17T20:06:52","slug":"la-plataforma-pro-hospital-comarcal-protesta-ante-las-puertas-del-centro-de-salud-de-bunol","status":"publish","type":"post","link":"https:\/\/www.tucomarca.com\/wordpress\/segunda\/la-plataforma-pro-hospital-comarcal-protesta-ante-las-puertas-del-centro-de-salud-de-bunol\/","title":{"rendered":"La plataforma pro hospital comarcal protesta ante las puertas del centro de salud de Bu\u00f1ol"},"content":{"rendered":"<figure id=\"attachment_54344\" aria-describedby=\"caption-attachment-54344\" style=\"width: 300px\" class=\"wp-caption alignleft\"><a href=\"https:\/\/www.tucomarca.com\/wordpress\/segunda\/wp-content\/uploads\/2017\/02\/plataforma.jpg\"><img loading=\"lazy\" decoding=\"async\" class=\"size-medium wp-image-54344\" title=\"plataforma\" src=\"https:\/\/www.tucomarca.com\/wordpress\/segunda\/wp-content\/uploads\/2017\/02\/plataforma-300x225.jpg\" alt=\"Protesta de la plataforma ante las puertas de Urgencias en el centro de salud de Bu\u00f1ol.\" width=\"300\" height=\"225\" srcset=\"https:\/\/www.tucomarca.com\/wordpress\/segunda\/wp-content\/uploads\/2017\/02\/plataforma-300x225.jpg 300w, https:\/\/www.tucomarca.com\/wordpress\/segunda\/wp-content\/uploads\/2017\/02\/plataforma.jpg 960w\" sizes=\"auto, (max-width: 300px) 100vw, 300px\" \/><\/a><figcaption id=\"caption-attachment-54344\" class=\"wp-caption-text\">Protesta de la plataforma ante las puertas de Urgencias en el centro de salud de Bu\u00f1ol.<\/figcaption><\/figure>\n<p>\u00abLa Plataforma Pro Hospital no est\u00e1 dispuesta a ceder ni un \u00e1pice en sus reivindicaciones y menos a\u00fan a seguir aguantando y soportando la mala atenci\u00f3n sanitaria que se proporciona a los vecinos de la comarca, ha quedado muy lejos las buenas palabras y voluntades de los pol\u00edticos, el tiempo pasa y siguen estando en riesgo nuestras vidas y la de nuestros seres queridos\u00bb, tal como han hecho constar desde la citada entidad vecinal en un comunicado.<\/p>\n<p>\u00abEstamos cansados de tanto paripe y ya es hora de ver hasta d\u00f3nde est\u00e1n dispuesto a dar soluciones a los graves problemas sanitarios que sufrimos los vecinos. Para eso, la plataforma se ha propuesto unas series de acciones m\u00e1s contundentes y m\u00e1s reivindicativas, dentro de ellas la primera la realizaron ayer en el centro de salud de Bu\u00f1ol y que finaliz\u00f3 en las puertas de urgencias\u00bb, tal como han a\u00f1adido.<\/p>\n<p>\u00abLa gran sorpresa fue que el servicio de urgencias sanitarias SVB, parti\u00f3 antes de su hora. Sorprendido el presidente de la plataforma, Antonio Barrero, ya que la intenci\u00f3n era retener la ambulancia para cubrir las urgencias de la zona y no que se fuese a cochera para no prestar ning\u00fan servicio. A pesar de todo se protest\u00f3 y se manifest\u00f3 p\u00fablicamente el malestar y la gran preocupaci\u00f3n ante la falta de medios sanitarios de emergencia, necesarios e imprescindible para dar cobertura a toda una comarca, cargando duramente sobre el Secretario Auton\u00f3mico que recientemente estuvo visitando las localidades de Chiva, Cheste y Bu\u00f1ol y en la que afirmaba seg\u00fan sus palabras que estabamos muy bien y que no necesitabamos nada. La protesta tuvo lugar ayer ante las puertas de urgencias del centro de salud de Bu\u00f1ol\u00bb.<\/p>\n<p>Bajo el lema \u00abambulancia por las noches, pediatr\u00eda las 24 horas y centro integrado hospitalario\u00bb la plataforma aglutin\u00f3 \u00aba varios centenerares de vecinos implicados en las deficiencias sanitarias existentes\u00bb, seg\u00fan fuentes de la plataforma.<\/p>\n<p>\u00abActualmente t\u00e1n solo existe una \u00fanica ambulancia por las noches para dar asistencia sanitaria a una poblaci\u00f3n que supera los 50.000 mil habitantes y a una extensi\u00f3n territorial de m\u00e1s de 800 km2, a partir de las tres de la tarde se queda sin pediatra de urgencia la gran mayor\u00eda de la zona, teniendo que recorrer distancias que llegan hasta alcanzar los 40 km\u00bb, como han criticado desde la plataforma.<\/p>\n","protected":false},"excerpt":{"rendered":"<div class=\"mh-excerpt\">\u00abLa Plataforma Pro Hospital no est\u00e1 dispuesta a ceder ni un \u00e1pice en sus reivindicaciones y menos a\u00fan a seguir aguantando y soportando la mala atenci\u00f3n sanitaria que se proporciona a los vecinos de la <a class=\"mh-excerpt-more\" href=\"https:\/\/www.tucomarca.com\/wordpress\/segunda\/la-plataforma-pro-hospital-comarcal-protesta-ante-las-puertas-del-centro-de-salud-de-bunol\/\" title=\"La plataforma pro hospital comarcal protesta ante las puertas del centro de salud de Bu\u00f1ol\">[+] <\/a><\/div>\n","protected":false},"author":1,"featured_media":54344,"comment_status":"open","ping_status":"open","sticky":false,"template":"","format":"standard","meta":{"footnotes":""},"categories":[119,8,10,3,45],"tags":[],"class_list":{"0":"post-54343","1":"post","2":"type-post","3":"status-publish","4":"format-standard","5":"has-post-thumbnail","7":"category-sanidad-la-comarca","8":"category-la-comarca","9":"category-la-hoya","10":"category-seccion","11":"category-ventana"},"_links":{"self":[{"href":"https:\/\/www.tucomarca.com\/wordpress\/segunda\/wp-json\/wp\/v2\/posts\/54343","targetHints":{"allow":["GET"]}}],"collection":[{"href":"https:\/\/www.tucomarca.com\/wordpress\/segunda\/wp-json\/wp\/v2\/posts"}],"about":[{"href":"https:\/\/www.tucomarca.com\/wordpress\/segunda\/wp-json\/wp\/v2\/types\/post"}],"author":[{"embeddable":true,"href":"https:\/\/www.tucomarca.com\/wordpress\/segunda\/wp-json\/wp\/v2\/users\/1"}],"replies":[{"embeddable":true,"href":"https:\/\/www.tucomarca.com\/wordpress\/segunda\/wp-json\/wp\/v2\/comments?post=54343"}],"version-history":[{"count":0,"href":"https:\/\/www.tucomarca.com\/wordpress\/segunda\/wp-json\/wp\/v2\/posts\/54343\/revisions"}],"wp:featuredmedia":[{"embeddable":true,"href":"https:\/\/www.tucomarca.com\/wordpress\/segunda\/wp-json\/wp\/v2\/media\/54344"}],"wp:attachment":[{"href":"https:\/\/www.tucomarca.com\/wordpress\/segunda\/wp-json\/wp\/v2\/media?parent=54343"}],"wp:term":[{"taxonomy":"category","embeddable":true,"href":"https:\/\/www.tucomarca.com\/wordpress\/segunda\/wp-json\/wp\/v2\/categories?post=54343"},{"taxonomy":"post_tag","embeddable":true,"href":"https:\/\/www.tucomarca.com\/wordpress\/segunda\/wp-json\/wp\/v2\/tags?post=54343"}],"curies":[{"name":"wp","href":"https:\/\/api.w.org\/{rel}","templated":true}]}}