{"id":54347,"date":"2017-02-17T23:14:55","date_gmt":"2017-02-17T20:14:55","guid":{"rendered":"http:\/\/www.tucomarca.com\/wordpress\/segunda\/?p=54347"},"modified":"2017-02-17T23:14:55","modified_gmt":"2017-02-17T20:14:55","slug":"la-diputacion-enviara-a-tecnicos-a-naquera-para-valorar-los-danos-tras-el-derrumbe-en-la-escollera-del-alquible","status":"publish","type":"post","link":"https:\/\/www.tucomarca.com\/wordpress\/segunda\/la-diputacion-enviara-a-tecnicos-a-naquera-para-valorar-los-danos-tras-el-derrumbe-en-la-escollera-del-alquible\/","title":{"rendered":"La Diputaci\u00f3n enviar\u00e1 a t\u00e9cnicos a N\u00e1quera para valorar los da\u00f1os tras el derrumbe en la escollera del Alquible"},"content":{"rendered":"<figure id=\"attachment_54348\" aria-describedby=\"caption-attachment-54348\" style=\"width: 300px\" class=\"wp-caption alignleft\"><a href=\"https:\/\/www.tucomarca.com\/wordpress\/segunda\/wp-content\/uploads\/2017\/02\/Naqueraalcalde.jpg\"><img loading=\"lazy\" decoding=\"async\" class=\"size-medium wp-image-54348\" title=\"Naqueraalcalde\" src=\"https:\/\/www.tucomarca.com\/wordpress\/segunda\/wp-content\/uploads\/2017\/02\/Naqueraalcalde-300x162.jpg\" alt=\"El presidente, Jorge Rodr\u00edguez, recibe al alcalde, Dami\u00e1n Ib\u00e1\u00f1ez, que expone los da\u00f1os ocasionados por las lluvias en esta zona del municipio, que ya estaba muy deteriorada.\" width=\"300\" height=\"162\" srcset=\"https:\/\/www.tucomarca.com\/wordpress\/segunda\/wp-content\/uploads\/2017\/02\/Naqueraalcalde-300x162.jpg 300w, https:\/\/www.tucomarca.com\/wordpress\/segunda\/wp-content\/uploads\/2017\/02\/Naqueraalcalde-1024x555.jpg 1024w\" sizes=\"auto, (max-width: 300px) 100vw, 300px\" \/><\/a><figcaption id=\"caption-attachment-54348\" class=\"wp-caption-text\">El presidente, Jorge Rodr\u00edguez, recibe al alcalde, Dami\u00e1n Ib\u00e1\u00f1ez, que expone los da\u00f1os ocasionados por las lluvias en esta zona del municipio, que ya estaba muy deteriorada.<\/figcaption><\/figure>\n<p>El alcalde de N\u00e1quera, Dami\u00e1n Ib\u00e1\u00f1ez, acompa\u00f1ado por el primer teniente alcalde y concejal de Urbanismo, V\u00edctor Navarro, ha expuesto al presidente de la Diputaci\u00f3n, Jorge Rodr\u00edguez, la \u201cdelicada situaci\u00f3n del barrio del Alquible, donde se ha ca\u00eddo al barranco parte del talud sobre el que se levantan las construcciones, a causa del reciente episodio de lluvias\u201d, seg\u00fan ha explicado el alcalde.<\/p>\n<p>\u201cEs un problema hist\u00f3rico que arrastramos en N\u00e1quera y que se agudiza con las lluvias, lo que esta vez ha provocado un derrumbe que ha afectado tambi\u00e9n al centro de transformaci\u00f3n que tiene Iberdrola en la zona\u201d, ha a\u00f1adido Ib\u00e1\u00f1ez, que ha destacado que \u201clo que hemos solicitado a la Diputaci\u00f3n es ayuda t\u00e9cnica para valorar la cuant\u00eda de los da\u00f1os en la zona\u201d y poder solicitar las ayudas a la Generalitat.<\/p>\n<p>Por su parte, Jorge Rodr\u00edguez ha puesto el problema en conocimiento de los t\u00e9cnicos especialistas en riesgos geol\u00f3gicos de la Diputaci\u00f3n, que se desplazar\u00e1n a N\u00e1quera para determinar si est\u00e1 garantizada la seguridad para los vecinos de la zona o es necesaria una actuaci\u00f3n de emergencia en la zona.<\/p>\n<p>Con la intenci\u00f3n de \u201cneutralizar el problema y evitar el efecto domin\u00f3\u201d, los t\u00e9cnicos provinciales estudiar\u00e1n el estado de la escollera y emitir\u00e1n un informe para que, a partir del mismo, el ayuntamiento pueda optar tanto a las ayudas de la Generalitat para municipios afectados por las lluvias como a las del programa de minimizaci\u00f3n de riesgos geol\u00f3gicos de la Diputaci\u00f3n.<\/p>\n<p>El alcalde de N\u00e1quera, Dami\u00e1n Ib\u00e1\u00f1ez, ha valorado muy positivamente la reuni\u00f3n con el presidente de la Diputaci\u00f3n y se ha mostrado partidario del nuevo modelo de distribuci\u00f3n de las ayudas provinciales a los municipios. En este sentido, el primer edil ha celebrado que \u201cpor fin el dinero se acaba destinando a lo que los municipios deciden, gracias a que este gobierno ha entendido que cada municipio tiene unas necesidades\u201d.<\/p>\n","protected":false},"excerpt":{"rendered":"<div class=\"mh-excerpt\">El alcalde de N\u00e1quera, Dami\u00e1n Ib\u00e1\u00f1ez, acompa\u00f1ado por el primer teniente alcalde y concejal de Urbanismo, V\u00edctor Navarro, ha expuesto al presidente de la Diputaci\u00f3n, Jorge Rodr\u00edguez, la \u201cdelicada situaci\u00f3n del barrio del Alquible, donde <a class=\"mh-excerpt-more\" href=\"https:\/\/www.tucomarca.com\/wordpress\/segunda\/la-diputacion-enviara-a-tecnicos-a-naquera-para-valorar-los-danos-tras-el-derrumbe-en-la-escollera-del-alquible\/\" title=\"La Diputaci\u00f3n enviar\u00e1 a t\u00e9cnicos a N\u00e1quera para valorar los da\u00f1os tras el derrumbe en la escollera del Alquible\">[+] <\/a><\/div>\n","protected":false},"author":1,"featured_media":54348,"comment_status":"open","ping_status":"open","sticky":false,"template":"","format":"standard","meta":{"footnotes":""},"categories":[46,128,8,180,142,3,45],"tags":[10436],"class_list":{"0":"post-54347","1":"post","2":"type-post","3":"status-publish","4":"format-standard","5":"has-post-thumbnail","7":"category-camp-de-turia","8":"category-infraestructuras","9":"category-la-comarca","10":"category-naquera","11":"category-politica-la-comarca","12":"category-seccion","13":"category-ventana","14":"tag-naquera"},"_links":{"self":[{"href":"https:\/\/www.tucomarca.com\/wordpress\/segunda\/wp-json\/wp\/v2\/posts\/54347","targetHints":{"allow":["GET"]}}],"collection":[{"href":"https:\/\/www.tucomarca.com\/wordpress\/segunda\/wp-json\/wp\/v2\/posts"}],"about":[{"href":"https:\/\/www.tucomarca.com\/wordpress\/segunda\/wp-json\/wp\/v2\/types\/post"}],"author":[{"embeddable":true,"href":"https:\/\/www.tucomarca.com\/wordpress\/segunda\/wp-json\/wp\/v2\/users\/1"}],"replies":[{"embeddable":true,"href":"https:\/\/www.tucomarca.com\/wordpress\/segunda\/wp-json\/wp\/v2\/comments?post=54347"}],"version-history":[{"count":0,"href":"https:\/\/www.tucomarca.com\/wordpress\/segunda\/wp-json\/wp\/v2\/posts\/54347\/revisions"}],"wp:featuredmedia":[{"embeddable":true,"href":"https:\/\/www.tucomarca.com\/wordpress\/segunda\/wp-json\/wp\/v2\/media\/54348"}],"wp:attachment":[{"href":"https:\/\/www.tucomarca.com\/wordpress\/segunda\/wp-json\/wp\/v2\/media?parent=54347"}],"wp:term":[{"taxonomy":"category","embeddable":true,"href":"https:\/\/www.tucomarca.com\/wordpress\/segunda\/wp-json\/wp\/v2\/categories?post=54347"},{"taxonomy":"post_tag","embeddable":true,"href":"https:\/\/www.tucomarca.com\/wordpress\/segunda\/wp-json\/wp\/v2\/tags?post=54347"}],"curies":[{"name":"wp","href":"https:\/\/api.w.org\/{rel}","templated":true}]}}