{"id":54359,"date":"2017-02-17T23:32:00","date_gmt":"2017-02-17T20:32:00","guid":{"rendered":"http:\/\/www.tucomarca.com\/wordpress\/segunda\/?p=54359"},"modified":"2017-02-17T23:32:00","modified_gmt":"2017-02-17T20:32:00","slug":"la-gala-del-deporte-de-bunol-garantiza-sorpresas-espectacularidad-y-mucha-diversion","status":"publish","type":"post","link":"https:\/\/www.tucomarca.com\/wordpress\/segunda\/la-gala-del-deporte-de-bunol-garantiza-sorpresas-espectacularidad-y-mucha-diversion\/","title":{"rendered":"La Gala del Deporte de Bu\u00f1ol garantiza \u00absorpresas, espectacularidad y mucha diversi\u00f3n\u00bb"},"content":{"rendered":"<figure id=\"attachment_54360\" aria-describedby=\"caption-attachment-54360\" style=\"width: 300px\" class=\"wp-caption alignleft\"><a href=\"https:\/\/www.tucomarca.com\/wordpress\/segunda\/wp-content\/uploads\/2017\/02\/Bunyol_galadep.jpg\"><img loading=\"lazy\" decoding=\"async\" class=\"size-medium wp-image-54360\" title=\"Bunyol_galadep\" src=\"https:\/\/www.tucomarca.com\/wordpress\/segunda\/wp-content\/uploads\/2017\/02\/Bunyol_galadep-300x168.jpg\" alt=\"El pr\u00f3ximo 9 de junio se celebrar\u00e1 su primera edici\u00f3n y en ella se rendir\u00e1 homenaje a una personalidad relevante en el mundo del deporte.\" width=\"300\" height=\"168\" srcset=\"https:\/\/www.tucomarca.com\/wordpress\/segunda\/wp-content\/uploads\/2017\/02\/Bunyol_galadep-300x168.jpg 300w, https:\/\/www.tucomarca.com\/wordpress\/segunda\/wp-content\/uploads\/2017\/02\/Bunyol_galadep-1024x576.jpg 1024w, https:\/\/www.tucomarca.com\/wordpress\/segunda\/wp-content\/uploads\/2017\/02\/Bunyol_galadep.jpg 1280w\" sizes=\"auto, (max-width: 300px) 100vw, 300px\" \/><\/a><figcaption id=\"caption-attachment-54360\" class=\"wp-caption-text\">El pr\u00f3ximo 9 de junio se celebrar\u00e1 su primera edici\u00f3n y en ella se rendir\u00e1 homenaje a una personalidad relevante en el mundo del deporte.<\/figcaption><\/figure>\n<p>Marta P\u00e9rez, concejal de Deportes y Juventud del Ayuntamiento de Bu\u00f1ol, record\u00f3 la reuni\u00f3n que el pasado mi\u00e9rcoles se celebr\u00f3 en torno a la Gala del deporte, que se celebrar\u00e1 el pr\u00f3ximo 9 de junio en la localidad. En esta reuni\u00f3n estuvieron presentes representantes de clubes y asociaciones locales.<\/p>\n<p>En este punto, los presentes de la reuni\u00f3n acordaron\u00a0que el acceso a la gala\u00a0sea totalmente gratuito a fin de incentivar la participaci\u00f3n. Adem\u00e1s, la edil bu\u00f1olense insisti\u00f3 en la sorpresa, espectacularidad y diversi\u00f3n que tendr\u00e1 esta gala, que se celebra por primera vez pero que tiene el \u00e9xito asegurado.<\/p>\n<p>Uno de los puntos coincidentes en las pr\u00f3ximas galas que hagamos en un futuro, ser\u00e1 la menci\u00f3n de honor que cada a\u00f1o se asignar\u00e1 a una personalidad relevante del mundo del deporte. Despu\u00e9s de la gala se tiene previsto la realizaci\u00f3n de una cena com\u00fan donde todos los clubes, asociaciones deportivas, deportistas locales y de la comarca, as\u00ed como aficionados y vecinos de Bu\u00f1ol pueden estar presentes. Tendr\u00e1 lugar en el paseo de San Luis.<\/p>\n<p>Otro de los temas abordados fue el de\u00a0los premios. Los presentes acordaron elaborar varios bocetos a fin de elegir entre ellos el que m\u00e1s guste. Tambi\u00e9n se acord\u00f3 que la pr\u00f3xima reuni\u00f3n acontezca el pr\u00f3ximo 22 de marzo.<\/p>\n<p><strong>Liga P\u00e1del invierno\/primavera 2017<\/strong><\/p>\n<p>La concejal de Deportes y Juventud del consistorio bu\u00f1olense tambi\u00e9n record\u00f3 la Liga P\u00e1del Invierno\/Primavera que en este momento cuenta con 51 parejas inscritas, lo que supone un incremento del 25% respecto a la \u00faltima competici\u00f3n organizada. Estas parejas est\u00e1n distribuidas en 3 categor\u00edas masculinas, una femenina y una mixta. \u201cSe van a disputar 262 partidas del 13 de febrero al 30 de Julio, lo que supone un total de 24 semanas\u201d, destac\u00f3 P\u00e9rez. Un calendario de competici\u00f3n muy amplio que tuvo que ampliarse un mes para que pudiesen disputarse todas las partidas posibles.<\/p>\n<p>&nbsp;<\/p>\n","protected":false},"excerpt":{"rendered":"<div class=\"mh-excerpt\">Marta P\u00e9rez, concejal de Deportes y Juventud del Ayuntamiento de Bu\u00f1ol, record\u00f3 la reuni\u00f3n que el pasado mi\u00e9rcoles se celebr\u00f3 en torno a la Gala del deporte, que se celebrar\u00e1 el pr\u00f3ximo 9 de junio <a class=\"mh-excerpt-more\" href=\"https:\/\/www.tucomarca.com\/wordpress\/segunda\/la-gala-del-deporte-de-bunol-garantiza-sorpresas-espectacularidad-y-mucha-diversion\/\" title=\"La Gala del Deporte de Bu\u00f1ol garantiza \u00absorpresas, espectacularidad y mucha diversi\u00f3n\u00bb\">[+] <\/a><\/div>\n","protected":false},"author":1,"featured_media":54360,"comment_status":"open","ping_status":"open","sticky":false,"template":"","format":"standard","meta":{"footnotes":""},"categories":[18,6,10,199,3,45],"tags":[],"class_list":{"0":"post-54359","1":"post","2":"type-post","3":"status-publish","4":"format-standard","5":"has-post-thumbnail","7":"category-bunol","8":"category-deportes","9":"category-la-hoya","10":"category-polideportivo","11":"category-seccion","12":"category-ventana"},"_links":{"self":[{"href":"https:\/\/www.tucomarca.com\/wordpress\/segunda\/wp-json\/wp\/v2\/posts\/54359","targetHints":{"allow":["GET"]}}],"collection":[{"href":"https:\/\/www.tucomarca.com\/wordpress\/segunda\/wp-json\/wp\/v2\/posts"}],"about":[{"href":"https:\/\/www.tucomarca.com\/wordpress\/segunda\/wp-json\/wp\/v2\/types\/post"}],"author":[{"embeddable":true,"href":"https:\/\/www.tucomarca.com\/wordpress\/segunda\/wp-json\/wp\/v2\/users\/1"}],"replies":[{"embeddable":true,"href":"https:\/\/www.tucomarca.com\/wordpress\/segunda\/wp-json\/wp\/v2\/comments?post=54359"}],"version-history":[{"count":0,"href":"https:\/\/www.tucomarca.com\/wordpress\/segunda\/wp-json\/wp\/v2\/posts\/54359\/revisions"}],"wp:featuredmedia":[{"embeddable":true,"href":"https:\/\/www.tucomarca.com\/wordpress\/segunda\/wp-json\/wp\/v2\/media\/54360"}],"wp:attachment":[{"href":"https:\/\/www.tucomarca.com\/wordpress\/segunda\/wp-json\/wp\/v2\/media?parent=54359"}],"wp:term":[{"taxonomy":"category","embeddable":true,"href":"https:\/\/www.tucomarca.com\/wordpress\/segunda\/wp-json\/wp\/v2\/categories?post=54359"},{"taxonomy":"post_tag","embeddable":true,"href":"https:\/\/www.tucomarca.com\/wordpress\/segunda\/wp-json\/wp\/v2\/tags?post=54359"}],"curies":[{"name":"wp","href":"https:\/\/api.w.org\/{rel}","templated":true}]}}