{"id":54373,"date":"2017-02-18T00:11:07","date_gmt":"2017-02-17T21:11:07","guid":{"rendered":"http:\/\/www.tucomarca.com\/wordpress\/segunda\/?p=54373"},"modified":"2017-02-18T00:11:07","modified_gmt":"2017-02-17T21:11:07","slug":"el-consorcio-reparte-11-000-euros-entre-la-ciudadania-de-utiel-que-ha-reciclado-en-los-ecoparques-fijos-y-moviles","status":"publish","type":"post","link":"https:\/\/www.tucomarca.com\/wordpress\/segunda\/el-consorcio-reparte-11-000-euros-entre-la-ciudadania-de-utiel-que-ha-reciclado-en-los-ecoparques-fijos-y-moviles\/","title":{"rendered":"El Consorcio reparte 11.000 euros entre la ciudadan\u00eda de Utiel que ha reciclado en los ecoparques fijos y m\u00f3viles"},"content":{"rendered":"<figure id=\"attachment_54374\" aria-describedby=\"caption-attachment-54374\" style=\"width: 300px\" class=\"wp-caption alignleft\"><a href=\"https:\/\/www.tucomarca.com\/wordpress\/segunda\/wp-content\/uploads\/2017\/02\/CVIUtiel.jpg\"><img loading=\"lazy\" decoding=\"async\" class=\"size-medium wp-image-54374\" title=\"CVIUtiel\" src=\"https:\/\/www.tucomarca.com\/wordpress\/segunda\/wp-content\/uploads\/2017\/02\/CVIUtiel-300x141.jpg\" alt=\"Cartel de la campa\u00f1a desarrollada en Utiel.\" width=\"300\" height=\"141\" srcset=\"https:\/\/www.tucomarca.com\/wordpress\/segunda\/wp-content\/uploads\/2017\/02\/CVIUtiel-300x141.jpg 300w, https:\/\/www.tucomarca.com\/wordpress\/segunda\/wp-content\/uploads\/2017\/02\/CVIUtiel.jpg 566w\" sizes=\"auto, (max-width: 300px) 100vw, 300px\" \/><\/a><figcaption id=\"caption-attachment-54374\" class=\"wp-caption-text\">Cartel de la campa\u00f1a desarrollada en Utiel.<\/figcaption><\/figure>\n<p>El Consorcio Valencia Interior (CVI) ha repartido entre los vecinos y vecinas de Utiel un total de 10.920 euros en vales descuento que han podido canjear en los establecimientos del municipio. De esta manera, se pretende premiar el esfuerzo de los vecinos y vecinas de Utiel que han reciclado correctamente, gracias a la campa\u00f1a pionera <strong><em>mi Cuenta Ambiental<\/em><\/strong> del CVI. Con esta herramienta se premia a las familias que reciclan en los ecoparques fijos y m\u00f3viles con dinero que han podido gastar en las tiendas de Utiel, gracias tambi\u00e9n a la colaboraci\u00f3n del comercio local.<\/p>\n<p>En total, desde el 9 de diciembre al 27 de enero se han repartido 2.184 vales de 5 euros cada uno, lo que supone una media de 12 euros por persona. Cabe destacar que m\u00e1s de 900 titulares de la tarjeta de <strong><em>mi Cuenta Ambiental<\/em><\/strong> han recogido sus vales en la sede del Consorcio Valencia Interior en Utiel, y los han podido utilizar en los m\u00e1s de 120 comercios adheridos a las asociaciones <em>Utiel Gastron\u00f3mica, marca de calidad<\/em> y <em>Asociaci\u00f3n de la Industria y Comercio de Utiel.<\/em><\/p>\n<p>Estos vales se han podido gastar hasta el 31 de enero en los locales adheridos a cualquiera de las dos asociaciones antes mencionadas. De esta manera, los comerciantes han colaborado activamente con la tarea de reconocimiento a las personas de Utiel que ayudan a conseguir mejores resultados medioambientales en las instalaciones de valorizaci\u00f3n de residuos dom\u00e9sticos del Consorcio Valencia Interior.<\/p>\n<p>&nbsp;<\/p>\n","protected":false},"excerpt":{"rendered":"<div class=\"mh-excerpt\">El Consorcio Valencia Interior (CVI) ha repartido entre los vecinos y vecinas de Utiel un total de 10.920 euros en vales descuento que han podido canjear en los establecimientos del municipio. De esta manera, se <a class=\"mh-excerpt-more\" href=\"https:\/\/www.tucomarca.com\/wordpress\/segunda\/el-consorcio-reparte-11-000-euros-entre-la-ciudadania-de-utiel-que-ha-reciclado-en-los-ecoparques-fijos-y-moviles\/\" title=\"El Consorcio reparte 11.000 euros entre la ciudadan\u00eda de Utiel que ha reciclado en los ecoparques fijos y m\u00f3viles\">[+] <\/a><\/div>\n","protected":false},"author":1,"featured_media":54374,"comment_status":"open","ping_status":"open","sticky":false,"template":"","format":"standard","meta":{"footnotes":""},"categories":[8,117,27,3,29],"tags":[],"class_list":{"0":"post-54373","1":"post","2":"type-post","3":"status-publish","4":"format-standard","5":"has-post-thumbnail","7":"category-la-comarca","8":"category-medio-ambiente-la-comarca","9":"category-requena-utiel","10":"category-seccion","11":"category-utiel"},"_links":{"self":[{"href":"https:\/\/www.tucomarca.com\/wordpress\/segunda\/wp-json\/wp\/v2\/posts\/54373","targetHints":{"allow":["GET"]}}],"collection":[{"href":"https:\/\/www.tucomarca.com\/wordpress\/segunda\/wp-json\/wp\/v2\/posts"}],"about":[{"href":"https:\/\/www.tucomarca.com\/wordpress\/segunda\/wp-json\/wp\/v2\/types\/post"}],"author":[{"embeddable":true,"href":"https:\/\/www.tucomarca.com\/wordpress\/segunda\/wp-json\/wp\/v2\/users\/1"}],"replies":[{"embeddable":true,"href":"https:\/\/www.tucomarca.com\/wordpress\/segunda\/wp-json\/wp\/v2\/comments?post=54373"}],"version-history":[{"count":0,"href":"https:\/\/www.tucomarca.com\/wordpress\/segunda\/wp-json\/wp\/v2\/posts\/54373\/revisions"}],"wp:featuredmedia":[{"embeddable":true,"href":"https:\/\/www.tucomarca.com\/wordpress\/segunda\/wp-json\/wp\/v2\/media\/54374"}],"wp:attachment":[{"href":"https:\/\/www.tucomarca.com\/wordpress\/segunda\/wp-json\/wp\/v2\/media?parent=54373"}],"wp:term":[{"taxonomy":"category","embeddable":true,"href":"https:\/\/www.tucomarca.com\/wordpress\/segunda\/wp-json\/wp\/v2\/categories?post=54373"},{"taxonomy":"post_tag","embeddable":true,"href":"https:\/\/www.tucomarca.com\/wordpress\/segunda\/wp-json\/wp\/v2\/tags?post=54373"}],"curies":[{"name":"wp","href":"https:\/\/api.w.org\/{rel}","templated":true}]}}