{"id":5456,"date":"2012-07-14T11:14:33","date_gmt":"2012-07-14T09:14:33","guid":{"rendered":"http:\/\/www.tucomarca.com\/wordpress\/segunda\/?p=5456"},"modified":"2012-07-14T11:14:33","modified_gmt":"2012-07-14T09:14:33","slug":"gobernacion-mantiene-la-preemergencia-por-riesgo-de-incendios-forestales-en-el-interior-de-valencia-y-norte-de-alicante-2","status":"publish","type":"post","link":"https:\/\/www.tucomarca.com\/wordpress\/segunda\/gobernacion-mantiene-la-preemergencia-por-riesgo-de-incendios-forestales-en-el-interior-de-valencia-y-norte-de-alicante-2\/","title":{"rendered":"Gobernaci\u00f3n mantiene la Preemergencia por riesgo de incendios forestales en el interior de Valencia y norte de Alicante"},"content":{"rendered":"<p>La  Conselleria de Gobernaci\u00f3n, a trav\u00e9s del Centro de Coordinaci\u00f3n de  Emergencias (CCE), mantiene para hoy s\u00e1bado, 14 de julio, el Nivel 3 de  Preemergencia, riesgo m\u00e1ximo de incendios forestales en el interior de  la provincia de Valencia y en el norte de la provincia de Alicante. Por  otra parte, se retira el Nivel 3 de Preemergencia del litoral de  Valencia.<\/p>\n<p>La Agencia Estatal de Meteorolog\u00eda prev\u00e9 para esta jornada  intervalos nubosos con posibilidad de alguna precipitaci\u00f3n d\u00e9bil y  dispersa en el litoral, tendiendo a poco nuboso por la tarde. En el  interior norte, nubosidad de evoluci\u00f3n y posibilidad de algun chubasco  con tormenta. Temperaturas m\u00ednimas en ascenso ligero. M\u00e1ximas en  moderado descenso localmente notable, alcanzando los 37 grados en puntos  del interior sur. Vientos flojos, de componente oeste en el interior y  de componente este en el litoral, con brisas.<\/p>\n<p>Ante esta situaci\u00f3n, la conselleria de Gobernaci\u00f3n recuerda que  el Nivel 3 de Preemergencia o riesgo extremo de incendios forestales  supone la prohibici\u00f3n de realizar cualquier tipo de fuego, incluso en  las zonas recreativas autorizadas y recuerda que las quemas agr\u00edcolas  est\u00e1n completamente prohibidas entre el 1 de junio y el 30 de  septiembre.<\/p>\n<p>Ante esta situaci\u00f3n, el CCE mantiene contacto directo con todos  los ayuntamientos y organismos de emergencia afectados con el fin de  informarles de la situaci\u00f3n y evoluci\u00f3n de la Preemergencia prevista  para el d\u00eda hoy. Los efectivos que conforman el Plan Especial ante el  riesgo de incendios forestales de la Comunitat Valenciana se encuentran  en m\u00e1xima alerta.<\/p>\n<p><strong>Consejos a la poblaci\u00f3n sobre incendios forestales <\/strong><\/p>\n<p>&#8211; No fumar mientras se camina por el monte, ni arrojar, en ning\u00fan concepto, colillas o f\u00f3sforos desde veh\u00edculos.<br \/>\n&#8211; No utilizar artefactos o material explosivo como petardos, masclets, carcasas, etc<br \/>\n&#8211; Si detecta un incendio en sus comienzos puede intentar sofocarlo  echando agua o tierra sobre la base de las llamas o golpeando con la  rama de un \u00e1rbol que estuviera verde. Si pasado m\u00e1s de un minuto no ha  podido ser sofocado, comunicarlo inmediatamente al tel\u00e9fono &#8216;112  Comunitat Valenciana&#8217; o a las autoridades m\u00e1s cercanas.<br \/>\n&#8211; En caso de incendio, siga en todo momento las indicaciones que le  sean dadas por el personal que tiene atribuidas las misiones de  vigilancia y extinci\u00f3n.<\/p>\n","protected":false},"excerpt":{"rendered":"<div class=\"mh-excerpt\">La Conselleria de Gobernaci\u00f3n, a trav\u00e9s del Centro de Coordinaci\u00f3n de Emergencias (CCE), mantiene para hoy s\u00e1bado, 14 de julio, el Nivel 3 de Preemergencia, riesgo m\u00e1ximo de incendios forestales en el interior de la <a class=\"mh-excerpt-more\" href=\"https:\/\/www.tucomarca.com\/wordpress\/segunda\/gobernacion-mantiene-la-preemergencia-por-riesgo-de-incendios-forestales-en-el-interior-de-valencia-y-norte-de-alicante-2\/\" title=\"Gobernaci\u00f3n mantiene la Preemergencia por riesgo de incendios forestales en el interior de Valencia y norte de Alicante\">[+] <\/a><\/div>\n","protected":false},"author":1,"featured_media":0,"comment_status":"open","ping_status":"open","sticky":false,"template":"","format":"standard","meta":{"footnotes":""},"categories":[8,72,10,3,116],"tags":[],"class_list":{"0":"post-5456","1":"post","2":"type-post","3":"status-publish","4":"format-standard","6":"category-la-comarca","7":"category-sin-categorizar","8":"category-la-hoya","9":"category-seccion","10":"category-sucesos-la-comarca"},"_links":{"self":[{"href":"https:\/\/www.tucomarca.com\/wordpress\/segunda\/wp-json\/wp\/v2\/posts\/5456","targetHints":{"allow":["GET"]}}],"collection":[{"href":"https:\/\/www.tucomarca.com\/wordpress\/segunda\/wp-json\/wp\/v2\/posts"}],"about":[{"href":"https:\/\/www.tucomarca.com\/wordpress\/segunda\/wp-json\/wp\/v2\/types\/post"}],"author":[{"embeddable":true,"href":"https:\/\/www.tucomarca.com\/wordpress\/segunda\/wp-json\/wp\/v2\/users\/1"}],"replies":[{"embeddable":true,"href":"https:\/\/www.tucomarca.com\/wordpress\/segunda\/wp-json\/wp\/v2\/comments?post=5456"}],"version-history":[{"count":0,"href":"https:\/\/www.tucomarca.com\/wordpress\/segunda\/wp-json\/wp\/v2\/posts\/5456\/revisions"}],"wp:attachment":[{"href":"https:\/\/www.tucomarca.com\/wordpress\/segunda\/wp-json\/wp\/v2\/media?parent=5456"}],"wp:term":[{"taxonomy":"category","embeddable":true,"href":"https:\/\/www.tucomarca.com\/wordpress\/segunda\/wp-json\/wp\/v2\/categories?post=5456"},{"taxonomy":"post_tag","embeddable":true,"href":"https:\/\/www.tucomarca.com\/wordpress\/segunda\/wp-json\/wp\/v2\/tags?post=5456"}],"curies":[{"name":"wp","href":"https:\/\/api.w.org\/{rel}","templated":true}]}}