{"id":54728,"date":"2017-03-03T00:50:24","date_gmt":"2017-03-02T21:50:24","guid":{"rendered":"http:\/\/www.tucomarca.com\/wordpress\/segunda\/?p=54728"},"modified":"2017-03-03T00:50:24","modified_gmt":"2017-03-02T21:50:24","slug":"el-maraton-y-la-media-maraton-de-la-sierra-calderona-de-este-domingo-cuenta-ya-con-300-inscritos","status":"publish","type":"post","link":"https:\/\/www.tucomarca.com\/wordpress\/segunda\/el-maraton-y-la-media-maraton-de-la-sierra-calderona-de-este-domingo-cuenta-ya-con-300-inscritos\/","title":{"rendered":"El marat\u00f3n y la media marat\u00f3n de la Sierra Calderona de este domingo cuenta ya con 300 inscritos"},"content":{"rendered":"<p>300 personas participar\u00e1n el pr\u00f3ximo 5 de marzo en el\u00a0\u00a0III Marat\u00f3n y II Medio Marat\u00f3n de la Sierra Calderona, la carrera de monta\u00f1a m\u00e1s cercana al centro de Valencia de todas las que se celebran.<\/p>\n<p>En el caso del Marat\u00f3n, los participantes se enfrentar\u00e1n a una aventura de\u00a043,5 km de distancia y un desnivel positivo 2200m, que cruza los t\u00e9rminos municipales de Serra, Segart y Estivella. El Medio Marat\u00f3n, con 20,5Km y un desnivel de 1000mts en positivo, se presenta como una de las medias de monta\u00f1a m\u00e1s atractivas, tanto por el entorno como por la limitaci\u00f3n de participantes.<\/p>\n<p>Esta carrera de monta\u00f1a es l\u00edder en su categor\u00eda, tal y como reflejan las cifras de participaci\u00f3n (300 corredores) . Este a\u00f1o el Marat\u00f3n y el Medio Marat\u00f3n contar\u00e1 con corredores de siete provincias diferentes\u00a0(Castell\u00f3n, Alicante, Valencia, Madrid, Teruel, Barcelona y M\u00e1laga) , que se dar\u00e1n cita el pr\u00f3ximo 5 de marzo.<\/p>\n<p>El III Marat\u00f3 Serra Calderona\u00a0posee un coeficiente de dificultad de 113 puntos y cuenta con las categor\u00edas de Absoluto Masculino, Absoluto Femenino, Veterano Masculino, Veterana Femenina, Primer\/a local masculino y femenino y la Categor\u00eda por equipos\/clubs.<\/p>\n<p>Para cumplir con el reto, los corredores dispondr\u00e1n de un tiempo m\u00e1ximo de 8 horas \u00a0y estar\u00e1n asistidos por m\u00e1s de 100 voluntarios y t\u00e9cnicos.<\/p>\n<p>La carrera de monta\u00f1a est\u00e1 organizada por Gula Sport y el Club Outdoor Natura Moncada con la colaboraci\u00f3n de los ayuntamientos de Serra, Segart y Estivella.<\/p>\n","protected":false},"excerpt":{"rendered":"<div class=\"mh-excerpt\">300 personas participar\u00e1n el pr\u00f3ximo 5 de marzo en el\u00a0\u00a0III Marat\u00f3n y II Medio Marat\u00f3n de la Sierra Calderona, la carrera de monta\u00f1a m\u00e1s cercana al centro de Valencia de todas las que se celebran. <a class=\"mh-excerpt-more\" href=\"https:\/\/www.tucomarca.com\/wordpress\/segunda\/el-maraton-y-la-media-maraton-de-la-sierra-calderona-de-este-domingo-cuenta-ya-con-300-inscritos\/\" title=\"El marat\u00f3n y la media marat\u00f3n de la Sierra Calderona de este domingo cuenta ya con 300 inscritos\">[+] <\/a><\/div>\n","protected":false},"author":1,"featured_media":0,"comment_status":"open","ping_status":"open","sticky":false,"template":"","format":"standard","meta":{"footnotes":""},"categories":[98,46,6,3,76],"tags":[],"class_list":{"0":"post-54728","1":"post","2":"type-post","3":"status-publish","4":"format-standard","6":"category-atletismo","7":"category-camp-de-turia","8":"category-deportes","9":"category-seccion","10":"category-serra"},"_links":{"self":[{"href":"https:\/\/www.tucomarca.com\/wordpress\/segunda\/wp-json\/wp\/v2\/posts\/54728","targetHints":{"allow":["GET"]}}],"collection":[{"href":"https:\/\/www.tucomarca.com\/wordpress\/segunda\/wp-json\/wp\/v2\/posts"}],"about":[{"href":"https:\/\/www.tucomarca.com\/wordpress\/segunda\/wp-json\/wp\/v2\/types\/post"}],"author":[{"embeddable":true,"href":"https:\/\/www.tucomarca.com\/wordpress\/segunda\/wp-json\/wp\/v2\/users\/1"}],"replies":[{"embeddable":true,"href":"https:\/\/www.tucomarca.com\/wordpress\/segunda\/wp-json\/wp\/v2\/comments?post=54728"}],"version-history":[{"count":0,"href":"https:\/\/www.tucomarca.com\/wordpress\/segunda\/wp-json\/wp\/v2\/posts\/54728\/revisions"}],"wp:attachment":[{"href":"https:\/\/www.tucomarca.com\/wordpress\/segunda\/wp-json\/wp\/v2\/media?parent=54728"}],"wp:term":[{"taxonomy":"category","embeddable":true,"href":"https:\/\/www.tucomarca.com\/wordpress\/segunda\/wp-json\/wp\/v2\/categories?post=54728"},{"taxonomy":"post_tag","embeddable":true,"href":"https:\/\/www.tucomarca.com\/wordpress\/segunda\/wp-json\/wp\/v2\/tags?post=54728"}],"curies":[{"name":"wp","href":"https:\/\/api.w.org\/{rel}","templated":true}]}}