{"id":54730,"date":"2017-03-03T00:51:32","date_gmt":"2017-03-02T21:51:32","guid":{"rendered":"http:\/\/www.tucomarca.com\/wordpress\/segunda\/?p=54730"},"modified":"2017-03-03T00:51:32","modified_gmt":"2017-03-02T21:51:32","slug":"las-concejalias-de-igualdad-deportes-y-bienestar-social-de-bunol-organizan-numerosos-actos-por-el-dia-de-la-mujer","status":"publish","type":"post","link":"https:\/\/www.tucomarca.com\/wordpress\/segunda\/las-concejalias-de-igualdad-deportes-y-bienestar-social-de-bunol-organizan-numerosos-actos-por-el-dia-de-la-mujer\/","title":{"rendered":"Las concejal\u00edas de Igualdad, Deportes y Bienestar Social de Bu\u00f1ol organizan numerosos actos por el D\u00eda de la Mujer"},"content":{"rendered":"<p>Del 1 al 11 de marzo el Ayuntamiento de Bu\u00f1ol, partidos pol\u00edticos y asociaciones llevan a cabo actos culturales, sociales y educativos en defensa de la Mujer. Mar\u00eda \u00c1lvarez, concejal de Igualdad del Consistorio, se ha mostrado muy satisfecha por la enorme implicaci\u00f3n de la sociedad civil bu\u00f1olense, tanto de mujeres como de hombres, en pro de la igualdad en todos los \u00e1mbitos de la vida. Desde el Ayuntamiento, las Concejal\u00edas de Igualdad, Deportes y Bienestar Social han colaborado en la elaboraci\u00f3n de esta semana reivindicativa. La Comisi\u00f3n de Igualdad, formada por hombres y mujeres de la localidad, y creada hace un a\u00f1o, contin\u00faa trabajando con medidas y propuestas que mejoren la situaci\u00f3n de las mujeres.<\/p>\n<p>&nbsp;<\/p>\n<p>Ayer 1 de marzo se coloc\u00f3 un lazo en la fachada del Ayuntamiento. Esta tarde, en la EPA (Escuela Popular de Adultos) se inaugurar\u00e1 una exposici\u00f3n de trabajos realizados por los alumnos y alumnas de los distintos talleres de la escuela. Tambi\u00e9n se abrir\u00e1 al p\u00fablico la exposici\u00f3n llamada \u201cMujeres en lucha\u201d con fotograf\u00edas de los actos y actividades realizados por la Comisi\u00f3n de Igualdad. Sin olvidar el taller de cocina de tapas, a cargo de Emilio D\u00edaz y Rosa Tarazona.<\/p>\n<p>Despu\u00e9s, este domingo, la II Jornada deportiva de la mujer en el Planell a lo largo de toda la ma\u00f1ana. P\u00e1del, frontenis, balonmano femenino, aer\u00f3bic, calistenia y f\u00fatbol sala femenino te esperan. Por la tarde, m\u00e1s f\u00fatbol en el CD Bu\u00f1ol a cargo del equipo femenino, a las 18h.<\/p>\n<p>La semana que viene, lunes 6 a las 18.30h, la charla \u201cMujeres Poderosas\u201d a cargo de Ana Sol\u00e1. Se tratar\u00e1n las historias de mujeres que han pasado a la historia.<\/p>\n<p>Al d\u00eda siguiente, el martes 7, en la Taska a las 19h se presentar\u00e1 el documental \u201cMujeres sin sombrero\u201d. Cuenta con la colaboraci\u00f3n de Berta M\u00e1\u00f1ez y Amparo Fuertes.<\/p>\n<p>El mi\u00e9rcoles, 8 de marzo, plato fuerte. En el Palacio de la M\u00fasica, a las 19h, la Compa\u00f1\u00eda Aerea Teatro presentar\u00e1 \u201cDe todas las bellas, las m\u00e1s bellotas\u201d, entrada gratuita y est\u00e1 organizado por la Concejal\u00eda de Igualdad y Culturarts.<\/p>\n<p>En Valencia, claman la participaci\u00f3n en la manifestaci\u00f3n por la igualdad que tendr\u00e1 lugar a las 19.30h desde la Plaza San Agust\u00edn de la capital del T\u00faria.<\/p>\n<p>El s\u00e1bado 11 una caminata solidaria a las 10h desde la Plaza Ventas y llegada a la Plaza 5 de marzo, donde tendr\u00e1 lugar una comida. Se recorrer\u00e1 lugares donde ejercieron las mujeres pioneras bu\u00f1oleras como la primera m\u00e9dico o la primera m\u00fasico.<\/p>\n<p><strong>Actos organizados por partidos pol\u00edticos y sociedad civil<\/strong><\/p>\n<p>La Agrupaci\u00f3n Local del PSPV-PSOE de Bu\u00f1ol, a trav\u00e9s de la Secretar\u00eda de Igualdad, organiza este s\u00e1bado 4 de marzo a las 11h un homenaje a Clara Campoamor en la Plaza que lleva su nombre. Despu\u00e9s, almuerzo de hermandad y acto de reconocimiento a la afiliada m\u00e1s veterana.<\/p>\n<p>La Asociaci\u00f3n Amas de Casa Tyrius de Bu\u00f1ol tambi\u00e9n organiza actos con motivo de la mujer. El lunes 6 en el local, a las 16.30h, charla-taller de reflexolog\u00eda podal, impartido por M\u00aa \u00c1ngeles Roig. El martes, recital de poes\u00eda a las 17h. El mi\u00e9rcoles, en Venta Pilar, Comida del D\u00eda Internacional de la Mujer, y el jueves a las 17h, tarde de Parch\u00eds.<\/p>\n<p>Por \u00faltimo, Mujeres Democr\u00e1ticas de Izquierda Unida de Bu\u00f1ol organizan el viernes 10 en la Plaza Layana a las 19h, una cata de vinos de Mujeres Bodegueras a cargo de Amparo Furriol Carrascosa, en\u00f3loga.<\/p>\n<p>Y la Asociaci\u00f3n Saheli organiza talleres en el IES para alumnos de 1\u00ba y 2\u00ba de la ESO los d\u00edas 7, 8 y 10 de marzo. El objetivo de los talleres es que el alumnado aprenda a diferenciar e identificar patrones de comportamiento machistas y micromachistas en su contexto social y cultural. Cuestionar los mitos y estereotipos de g\u00e9nero que perpet\u00faan los diferentes tipos de violencias de g\u00e9nero e incidir en su prevenci\u00f3n.<\/p>\n","protected":false},"excerpt":{"rendered":"<div class=\"mh-excerpt\">Del 1 al 11 de marzo el Ayuntamiento de Bu\u00f1ol, partidos pol\u00edticos y asociaciones llevan a cabo actos culturales, sociales y educativos en defensa de la Mujer. Mar\u00eda \u00c1lvarez, concejal de Igualdad del Consistorio, se <a class=\"mh-excerpt-more\" href=\"https:\/\/www.tucomarca.com\/wordpress\/segunda\/las-concejalias-de-igualdad-deportes-y-bienestar-social-de-bunol-organizan-numerosos-actos-por-el-dia-de-la-mujer\/\" title=\"Las concejal\u00edas de Igualdad, Deportes y Bienestar Social de Bu\u00f1ol organizan numerosos actos por el D\u00eda de la Mujer\">[+] <\/a><\/div>\n","protected":false},"author":1,"featured_media":0,"comment_status":"open","ping_status":"open","sticky":false,"template":"","format":"standard","meta":{"footnotes":""},"categories":[4,18,10,3],"tags":[],"class_list":{"0":"post-54730","1":"post","2":"type-post","3":"status-publish","4":"format-standard","6":"category-agenda","7":"category-bunol","8":"category-la-hoya","9":"category-seccion"},"_links":{"self":[{"href":"https:\/\/www.tucomarca.com\/wordpress\/segunda\/wp-json\/wp\/v2\/posts\/54730","targetHints":{"allow":["GET"]}}],"collection":[{"href":"https:\/\/www.tucomarca.com\/wordpress\/segunda\/wp-json\/wp\/v2\/posts"}],"about":[{"href":"https:\/\/www.tucomarca.com\/wordpress\/segunda\/wp-json\/wp\/v2\/types\/post"}],"author":[{"embeddable":true,"href":"https:\/\/www.tucomarca.com\/wordpress\/segunda\/wp-json\/wp\/v2\/users\/1"}],"replies":[{"embeddable":true,"href":"https:\/\/www.tucomarca.com\/wordpress\/segunda\/wp-json\/wp\/v2\/comments?post=54730"}],"version-history":[{"count":0,"href":"https:\/\/www.tucomarca.com\/wordpress\/segunda\/wp-json\/wp\/v2\/posts\/54730\/revisions"}],"wp:attachment":[{"href":"https:\/\/www.tucomarca.com\/wordpress\/segunda\/wp-json\/wp\/v2\/media?parent=54730"}],"wp:term":[{"taxonomy":"category","embeddable":true,"href":"https:\/\/www.tucomarca.com\/wordpress\/segunda\/wp-json\/wp\/v2\/categories?post=54730"},{"taxonomy":"post_tag","embeddable":true,"href":"https:\/\/www.tucomarca.com\/wordpress\/segunda\/wp-json\/wp\/v2\/tags?post=54730"}],"curies":[{"name":"wp","href":"https:\/\/api.w.org\/{rel}","templated":true}]}}