{"id":5476,"date":"2012-07-14T18:10:07","date_gmt":"2012-07-14T16:10:07","guid":{"rendered":"http:\/\/www.tucomarca.com\/wordpress\/segunda\/?p=5476"},"modified":"2012-07-14T18:10:07","modified_gmt":"2012-07-14T16:10:07","slug":"el-museo-de-prehistoria-mantiene-sus-excavaciones-en-casa-cabeza-en-requena-y-la-carencia-de-turis","status":"publish","type":"post","link":"https:\/\/www.tucomarca.com\/wordpress\/segunda\/el-museo-de-prehistoria-mantiene-sus-excavaciones-en-casa-cabeza-en-requena-y-la-carencia-de-turis\/","title":{"rendered":"El Museo de Prehistoria mantiene sus excavaciones en Casa Cabeza, en Requena, y La Car\u00e8ncia de Tur\u00eds"},"content":{"rendered":"<p>Un a\u00f1o m\u00e1s, el Servicio de Investigaci\u00f3n Prehist\u00f3rica (SIP) del  Museo de Prehistoria de la Diputaci\u00f3n de Valencia ha iniciado el  programa de excavaciones. El plan para 2012 tiene un presupuesto total  de 60.000 euros que se reparte en seis proyectos de excavaci\u00f3n y cuatro  actividades de limpieza y mantenimiento.<\/p>\n<p>La Bastida de les Alcusses en Moixent, el poblado de la Car\u00e8ncia en  Tur\u00eds, L\u2019Alborcer en la Font de la Figuera, la Lloma de Betx\u00ed en  Paterna, la Cova del Bolomor de Tavernes de la Valldigna y la Casa  Cabeza en Requena son las prospecciones que est\u00e1n programadas para este  verano.<\/p>\n<p>Los proyectos siguen las l\u00edneas de investigaci\u00f3n y periodos  arqueol\u00f3gicos de a\u00f1os precedentes, en algunos de los cuales se est\u00e1  trabajando desde hace 20 campa\u00f1as. \u201cSe efect\u00faan pocas excavaciones  porque no son muy vistosas, ya que es un trabajo muy lento de varios  a\u00f1os, pero dan mucha informaci\u00f3n\u201d, asegura Helena Bonet directora del  Museo de Prehistoria. El Servicio de Investigaci\u00f3n presenta as\u00ed un  programa de actuaciones en yacimientos valencianos, que abarca un amplio  cuadro cronol\u00f3gico, que va desde el paleol\u00edtico inferior hasta la \u00e9poca  romana. La campa\u00f1a de este a\u00f1o se viene desarrollando desde principios  del mes de julio y est\u00e1 previsto que el \u00faltimo proyecto concluya a  finales del mes de septiembre. \u201cLa Diputaci\u00f3n arropa con estos proyectos  la investigaci\u00f3n de nuestra historia\u201d, asegura M\u00aa Jes\u00fas Puchalt,  diputada de Cultura.<\/p>\n<p>El Museo de Prehistoria de Valencia cuenta con una s\u00f3lida l\u00ednea de  investigaci\u00f3n que se lleva a cabo desde el Servicio de Investigaci\u00f3n  Prehist\u00f3rica del museo, que se cre\u00f3 en 1927. Este departamento tiene  como objetivos la excavaci\u00f3n, conservaci\u00f3n, protecci\u00f3n y difusi\u00f3n del  patrimonio valenciano. Para Helena Bonet, \u201clas investigaciones son  necesarias para entender los or\u00edgenes de la civilizaci\u00f3n en tierras  valencianas y porque sin investigaci\u00f3n no hay difusi\u00f3n del patrimonio\u201d.<\/p>\n<p>La mayor\u00eda de los equipos de trabajo est\u00e1n formados por j\u00f3venes  estudiantes y licenciados que colaboran a modo de excavaciones  formativas con el objetivo de aprender y complementar sus estudios. Al  grupo se les paga la comida y el transporte para que puedan colaborar  sin que les suponga coste alguno. En el d\u00eda a d\u00eda, los alumnos, adem\u00e1s  de excavar, realizan labores de documentaci\u00f3n del material completando  fichas con una metodolog\u00eda espec\u00edfica, y tambi\u00e9n, realizan fotograf\u00edas  para completar el trabajo de campo.<\/p>\n<p><strong>Poblado de la Car\u00e8ncia de Tur\u00eds.<\/strong><\/p>\n<p>Uno de los primeros equipos de trabajo ha estado excavando en el  poblado de la Car\u00e8ncia de Tur\u00eds durante la primera quincena de julio. El  yacimiento est\u00e1 datado por los investigadores en el periodo  \u00cdbero-romano y est\u00e1n trabajando en la zona desde el a\u00f1o 2001 para  conocer c\u00f3mo era el territorio y el asentamiento.<\/p>\n<p>Para Rosa Albiach, directora de la investigaci\u00f3n, \u201clo m\u00e1s importante  de este proyecto es que durante estos 11 a\u00f1os de trabajo se ha  descubierto aqu\u00ed tres murallas que cierran un per\u00edmetro de 8,6  hect\u00e1reas, con 1,5 kil\u00f3metros de muralla. Una de ellas es del siglo IV  a. C. y las otras datan en el siglo III a. C.\u201d<\/p>\n<p>\u201cEstas excavaciones pusieron de manifiesto uno de los poblados  ibero-romanos m\u00e1s importantes de la provincia y en esta campa\u00f1a se ha  puesto especial empe\u00f1o en el hallazgo de una de las torres\u201d, afirma M\u00aa  Jes\u00fas Puchalt, diputada de Cultura.<\/p>\n<p>El yacimiento fue proclamado Bien de Inter\u00e9s Cultural en el a\u00f1o 2008 y  desde el 2009 cuenta con un itinerario con seis carteles informativos  para su visita.<\/p>\n<p><strong>Altet de Palau \/ L\u2019Arbocer en La Font de la Figuera<\/strong><\/p>\n<p>El yacimiento Altet de Palau o L\u2019Arbocer, que se localiza en La Font  de la Figuera, es el otro proyecto se excavaci\u00f3n que finaliza hoy, tras  dos semanas de trabajo, bajo la direcci\u00f3n de los arqueologos M\u00aa Jes\u00fas de  Pedro Mich\u00f3 y Pablo Garc\u00eda Borja.<\/p>\n<p>Los hallazgos se centran, en esta ocasi\u00f3n, en una muralla fortificada  y en el h\u00e1bitat del poblado que se asent\u00f3 en esta zona durante la Edad  de Bronce. Los trabajos de excavaci\u00f3n en el Altet de Palau se iniciaron  en el a\u00f1o 2005.<\/p>\n","protected":false},"excerpt":{"rendered":"<div class=\"mh-excerpt\">Un a\u00f1o m\u00e1s, el Servicio de Investigaci\u00f3n Prehist\u00f3rica (SIP) del Museo de Prehistoria de la Diputaci\u00f3n de Valencia ha iniciado el programa de excavaciones. El plan para 2012 tiene un presupuesto total de 60.000 euros <a class=\"mh-excerpt-more\" href=\"https:\/\/www.tucomarca.com\/wordpress\/segunda\/el-museo-de-prehistoria-mantiene-sus-excavaciones-en-casa-cabeza-en-requena-y-la-carencia-de-turis\/\" title=\"El Museo de Prehistoria mantiene sus excavaciones en Casa Cabeza, en Requena, y La Car\u00e8ncia de Tur\u00eds\">[+] <\/a><\/div>\n","protected":false},"author":1,"featured_media":5477,"comment_status":"open","ping_status":"open","sticky":false,"template":"","format":"standard","meta":{"footnotes":""},"categories":[8,42,28,27,3,43,45],"tags":[],"class_list":{"0":"post-5476","1":"post","2":"type-post","3":"status-publish","4":"format-standard","5":"has-post-thumbnail","7":"category-la-comarca","8":"category-la-ribera","9":"category-requena","10":"category-requena-utiel","11":"category-seccion","12":"category-turis","13":"category-ventana"},"_links":{"self":[{"href":"https:\/\/www.tucomarca.com\/wordpress\/segunda\/wp-json\/wp\/v2\/posts\/5476","targetHints":{"allow":["GET"]}}],"collection":[{"href":"https:\/\/www.tucomarca.com\/wordpress\/segunda\/wp-json\/wp\/v2\/posts"}],"about":[{"href":"https:\/\/www.tucomarca.com\/wordpress\/segunda\/wp-json\/wp\/v2\/types\/post"}],"author":[{"embeddable":true,"href":"https:\/\/www.tucomarca.com\/wordpress\/segunda\/wp-json\/wp\/v2\/users\/1"}],"replies":[{"embeddable":true,"href":"https:\/\/www.tucomarca.com\/wordpress\/segunda\/wp-json\/wp\/v2\/comments?post=5476"}],"version-history":[{"count":0,"href":"https:\/\/www.tucomarca.com\/wordpress\/segunda\/wp-json\/wp\/v2\/posts\/5476\/revisions"}],"wp:featuredmedia":[{"embeddable":true,"href":"https:\/\/www.tucomarca.com\/wordpress\/segunda\/wp-json\/wp\/v2\/media\/5477"}],"wp:attachment":[{"href":"https:\/\/www.tucomarca.com\/wordpress\/segunda\/wp-json\/wp\/v2\/media?parent=5476"}],"wp:term":[{"taxonomy":"category","embeddable":true,"href":"https:\/\/www.tucomarca.com\/wordpress\/segunda\/wp-json\/wp\/v2\/categories?post=5476"},{"taxonomy":"post_tag","embeddable":true,"href":"https:\/\/www.tucomarca.com\/wordpress\/segunda\/wp-json\/wp\/v2\/tags?post=5476"}],"curies":[{"name":"wp","href":"https:\/\/api.w.org\/{rel}","templated":true}]}}