{"id":5480,"date":"2012-07-14T18:44:50","date_gmt":"2012-07-14T16:44:50","guid":{"rendered":"http:\/\/www.tucomarca.com\/wordpress\/segunda\/?p=5480"},"modified":"2012-07-14T18:44:50","modified_gmt":"2012-07-14T16:44:50","slug":"alfonso-rus-reelegido-presidente-del-pp-de-la-provincia-al-frente-de-un-comite-ejecutivo-lleno-de-caras-conocidas-del-interior","status":"publish","type":"post","link":"https:\/\/www.tucomarca.com\/wordpress\/segunda\/alfonso-rus-reelegido-presidente-del-pp-de-la-provincia-al-frente-de-un-comite-ejecutivo-lleno-de-caras-conocidas-del-interior\/","title":{"rendered":"Alfonso Rus, reelegido presidente del PP de la provincia al frente de un Comit\u00e9 Ejecutivo lleno de caras conocidas del interior"},"content":{"rendered":"<figure id=\"attachment_5481\" aria-describedby=\"caption-attachment-5481\" style=\"width: 688px\" class=\"wp-caption aligncenter\"><a href=\"https:\/\/www.tucomarca.com\/wordpress\/segunda\/wp-content\/uploads\/2012\/07\/CongresoPP.jpg\"><img loading=\"lazy\" decoding=\"async\" class=\"size-full wp-image-5481\" title=\"CongresoPP\" src=\"https:\/\/www.tucomarca.com\/wordpress\/segunda\/wp-content\/uploads\/2012\/07\/CongresoPP.jpg\" alt=\"Alfonso Rus es aclamado tras su reelecci\u00f3n como presidene provincial del PP.\" width=\"688\" height=\"331\" srcset=\"https:\/\/www.tucomarca.com\/wordpress\/segunda\/wp-content\/uploads\/2012\/07\/CongresoPP.jpg 688w, https:\/\/www.tucomarca.com\/wordpress\/segunda\/wp-content\/uploads\/2012\/07\/CongresoPP-300x144.jpg 300w\" sizes=\"auto, (max-width: 688px) 100vw, 688px\" \/><\/a><figcaption id=\"caption-attachment-5481\" class=\"wp-caption-text\">Alfonso Rus es aclamado tras su reelecci\u00f3n como presidente provincial del PP de Valencia.<\/figcaption><\/figure>\n<p>El presidente del Partido Popular de la  provincia de Valencia, Alfonso Rus, ha sido reelegido para liderar el  partido con el 91,22% de los votos.<\/p>\n<p>As\u00ed lo ha anunciado el presidente del  Congreso, Esteban Gonz\u00e1lez Pons, tras las votaciones de este XIV  Congreso Provincial, en las que el dirigente provincial ha obtenido  1.122 votos a favor, 97 en blanco y los 11 restantes han resultado  nulos.<\/p>\n<p><strong>Muchas caras conocidas del interior en el Comit\u00e9 Ejecutivo<\/strong><\/p>\n<p>Una de las notas destacadas de este congreso desarrollado este fin de semana en el Palacio de Congresos de Valencia, es la inclusi\u00f3n de varios alcaldes de los pueblos del interior entre los puestos claves del Comit\u00e9 Ejecutivo; as\u00ed, el alcalde Vilamarxant, <strong>Vicente Betoret<\/strong>, ha sido elegido Secretario General, y el alcalde de Cortes de Pall\u00e1s, <strong>Alberto S\u00e1ez<\/strong>, ha sido nombrado Vicesecretario de Pol\u00edtica Local y Auton\u00f3mica.<\/p>\n<p>Adem\u00e1s, el alcalde de Chiva,<strong> Jos\u00e9 Manuel Haro<\/strong>, ha sido elegido Secretario de Vertebraci\u00f3n Territorial; el alcalde de Venta del Moro,\u00a0 <strong>Luis Francisco L\u00f3pez<\/strong>, ha sido designado Secretario de Municipios de Interior, y el cabeza de lista en las pasadas elecciones en Bu\u00f1ol y actual portavoz en el plenario local, <strong>Marcial D\u00edaz<\/strong>, ha sido elegido Secretario de Formaci\u00f3n.<\/p>\n<p>Respecto a los presidentes comarcales, los que seguir\u00e1n al frente de sus comarcas en la zona del interior son:<strong> \u00c1ngel Navarro<\/strong> para el Valle de Ayora-Cofrentes;<strong> Sagrario S\u00e1nchez<\/strong> para La Hoya de Bu\u00f1ol-Chiva; <strong>Jos\u00e9 Luis Ram\u00edrez<\/strong>, para Requena-Utiel; <strong>Amador Garc\u00eda<\/strong>, para Los Serranos; <strong>Ram\u00f3n Ram\u00edrez<\/strong> para el Rinc\u00f3n de Ademuz; y <strong>Francisco Tarazona<\/strong>, para el Camp de T\u00faria.<\/p>\n<p><strong>Reconocimiento de Rus a los alcaldes y concejales<\/strong><\/p>\n<p>El presidente del Partido Popular de la  provincia de Valencia, Alfonso Rus, ha afirmado que \u00absi no hubiesen  alcaldes y concejales habr\u00eda que inventarlos: sois la llama y el futuro  del partido porque sois los que est\u00e1is d\u00eda a d\u00eda al pie del ca\u00f1\u00f3n y  conoc\u00e9is los problemas de la gente\u00bb.<\/p>\n<p>\u00abCreo en la pol\u00edtica, en las  personas, pero sobre todo creo que la salida de la crisis estar\u00e1  encabezada por todos los alcaldes y concejales porque saben qu\u00e9 hacer.  Pis\u00e1is la calle, habl\u00e1is de t\u00fa a t\u00fa y por eso hoy quiero rendir un  homenaje a todos vosotros\u00bb, ha afirmado.<\/p>\n<p>Rus ha realizado estas declaraciones  durante el transcurso de su intervenci\u00f3n como candidato a revalidar su  cargo de presidente provincial en el XIV Congreso del PPVAL. Entre los  presentes, el presidente regional, Alberto Fabra, a quien le ha  asegurado que \u00abpuedes contar con el apoyo de toda la provincia y del m\u00edo  propio. Este es t\u00fa partido, sin fisuras, porque con fisuras esto no  funciona, e iremos todos juntos unidos a encarar las elecciones de  2015\u00bb.<\/p>\n<p>\u00abEres muy valiente \u2014ha proseguido\u2014 en  un momento tan complicado como el que estamos viviendo. Un momento  complicado en el plano econ\u00f3mico y social, pero no dentro del partido  porque eres nuestro referente, el referente de la Comunitat Valenciana\u00bb.<\/p>\n<p>\u00abLos pol\u00edticos tenemos que ser austeros,  saber gestionar, apretarnos el cintur\u00f3n y trabajar para crear puestos  de trabajo. Ese es nuestro compromiso y es el trabajo que est\u00e1  realizando Mariano Rajoy\u00bb, ha aseverado Alfonso Rus.<\/p>\n<p>\u00abEstamos muy orgullosos de  Rajoy, ayudaremos a Espa\u00f1a en lo que haga falta pero no podemos dejar de  reivindicar lo que nos pertenece\u00bb, ha enfatizado. \u00abHemos hecho mucho  por el Partido Popular nacional y ahora queremos que nos den los mismo  que a los dem\u00e1s, ni m\u00e1s ni menos\u00bb.<\/p>\n<p>Alfonso Rus tambi\u00e9n ha querido agradecer  el trabajo de los militantes, \u00ablos que trabajan y no ocupan cargos  porque ellos son los que m\u00e1s sufren y de ellos me siento muy orgulloso.  Me comprometo a seguir trabajando por todos vosotros\u00bb, ha finalizado.<\/p>\n","protected":false},"excerpt":{"rendered":"<div class=\"mh-excerpt\">El presidente del Partido Popular de la provincia de Valencia, Alfonso Rus, ha sido reelegido para liderar el partido con el 91,22% de los votos. As\u00ed lo ha anunciado el presidente del Congreso, Esteban Gonz\u00e1lez <a class=\"mh-excerpt-more\" href=\"https:\/\/www.tucomarca.com\/wordpress\/segunda\/alfonso-rus-reelegido-presidente-del-pp-de-la-provincia-al-frente-de-un-comite-ejecutivo-lleno-de-caras-conocidas-del-interior\/\" title=\"Alfonso Rus, reelegido presidente del PP de la provincia al frente de un Comit\u00e9 Ejecutivo lleno de caras conocidas del interior\">[+] <\/a><\/div>\n","protected":false},"author":1,"featured_media":5481,"comment_status":"open","ping_status":"open","sticky":false,"template":"","format":"standard","meta":{"footnotes":""},"categories":[49,38,18,46,17,16,70,8,10,59,142,28,27,3,234,45,184],"tags":[],"class_list":{"0":"post-5480","1":"post","2":"type-post","3":"status-publish","4":"format-standard","5":"has-post-thumbnail","7":"category-ademuz","8":"category-ayora-cofrentes","9":"category-bunol","10":"category-camp-de-turia","11":"category-cheste","12":"category-chiva","13":"category-la-canal-de-navarres","14":"category-la-comarca","15":"category-la-hoya","16":"category-los-serranos","17":"category-politica-la-comarca","18":"category-requena","19":"category-requena-utiel","20":"category-seccion","21":"category-venta-del-moro","22":"category-ventana","23":"category-vilamarxant"},"_links":{"self":[{"href":"https:\/\/www.tucomarca.com\/wordpress\/segunda\/wp-json\/wp\/v2\/posts\/5480","targetHints":{"allow":["GET"]}}],"collection":[{"href":"https:\/\/www.tucomarca.com\/wordpress\/segunda\/wp-json\/wp\/v2\/posts"}],"about":[{"href":"https:\/\/www.tucomarca.com\/wordpress\/segunda\/wp-json\/wp\/v2\/types\/post"}],"author":[{"embeddable":true,"href":"https:\/\/www.tucomarca.com\/wordpress\/segunda\/wp-json\/wp\/v2\/users\/1"}],"replies":[{"embeddable":true,"href":"https:\/\/www.tucomarca.com\/wordpress\/segunda\/wp-json\/wp\/v2\/comments?post=5480"}],"version-history":[{"count":0,"href":"https:\/\/www.tucomarca.com\/wordpress\/segunda\/wp-json\/wp\/v2\/posts\/5480\/revisions"}],"wp:featuredmedia":[{"embeddable":true,"href":"https:\/\/www.tucomarca.com\/wordpress\/segunda\/wp-json\/wp\/v2\/media\/5481"}],"wp:attachment":[{"href":"https:\/\/www.tucomarca.com\/wordpress\/segunda\/wp-json\/wp\/v2\/media?parent=5480"}],"wp:term":[{"taxonomy":"category","embeddable":true,"href":"https:\/\/www.tucomarca.com\/wordpress\/segunda\/wp-json\/wp\/v2\/categories?post=5480"},{"taxonomy":"post_tag","embeddable":true,"href":"https:\/\/www.tucomarca.com\/wordpress\/segunda\/wp-json\/wp\/v2\/tags?post=5480"}],"curies":[{"name":"wp","href":"https:\/\/api.w.org\/{rel}","templated":true}]}}