{"id":5492,"date":"2012-07-16T10:00:44","date_gmt":"2012-07-16T08:00:44","guid":{"rendered":"http:\/\/www.tucomarca.com\/wordpress\/segunda\/?p=5492"},"modified":"2012-07-16T10:00:44","modified_gmt":"2012-07-16T08:00:44","slug":"hector-barbera-finaliza-9%c2%ba-y-adrian-martin-13%c2%ba-en-el-gran-premio-de-mugello","status":"publish","type":"post","link":"https:\/\/www.tucomarca.com\/wordpress\/segunda\/hector-barbera-finaliza-9%c2%ba-y-adrian-martin-13%c2%ba-en-el-gran-premio-de-mugello\/","title":{"rendered":"H\u00e9ctor Barber\u00e1 finaliza 9\u00ba y Adri\u00e1n Mart\u00edn 13\u00ba en el Gran Premio de Mugello"},"content":{"rendered":"<p>El pasado fin de semana se celebr\u00f3 la novena prueba del mundial de motociclismo en el magnifico circuito de Mugello . Con una climatolog\u00eda inmejorable durante todo el fin de semana, nuestros pilotos Adri\u00e1n<br \/>\nMart\u00edn y H\u00e9ctor Barber\u00e1 tuvieron que pelear para conseguir puntuar en<br \/>\neste gran circuito en el que se alcanzan las mayores velocidades en sus<br \/>\nrespectivas categor\u00edas. Adri\u00e1n con su Honda registr\u00f3 en la larga recta<br \/>\n237 km\/h. y H\u00e9ctor 344 km\/h. Pero los entrenos clasificatorios para la<br \/>\nparrilla de salida no le fueron muy bien al de Chiva ( Moto 3 ), ya que<br \/>\ns\u00f3lo pudo clasificarse en el puesto 24, en la octava fila . Pero sab\u00eda que para<br \/>\nconseguir puntos deb\u00eda pelear muchisimo y as\u00ed fue, ya que finaliz\u00f3<br \/>\nen la 13\u00ba posici\u00f3n con lo que recogi\u00f3 3 puntos para la tabla general<br \/>\nen la que estaba a cero hasta la fecha. Ahora tendr\u00e1 vaciones hasta el 19<br \/>\nde agosto que correr\u00e1 en Indianapolis. Pero debe seguir trabajando para<br \/>\nsumar los m\u00e1ximos puntos de cara a la renovaci\u00f3n con su Equipo.<br \/>\nPor parte de H\u00e9ctor hay que darle la enhorabuena por hacer unos entrenos<br \/>\nclasificatorios de lo mejor que hasta ahora hab\u00eda hecho, ya que se<br \/>\nclasific\u00f3 3\u00ba en primera linea de parrilla junto con Pedrosa 1\u00ba y<br \/>\nLorenzo 2\u00ba . Sab\u00eda que iba a ser muy complicada la carrera con lo que<br \/>\nno tom\u00f3 riesgos en la salida y aunque le rebasaron varios pilotos luch\u00f3<br \/>\npor conseguir la mayor cantidad de puntos, finalizando en 9\u00ba posici\u00f3n<br \/>\ny peleando duro hasta el final, con lo que en la tabla general<br \/>\nsigue el 11\u00ba con 60 puntos. H\u00e9ctor no tiene vaciones puesto que la<br \/>\npr\u00f3xima prueba es en EE.UU, en circuito de Laguna Seca el 29 de julio, fecha en la que esperamos volverle a ver en cabeza y pelear con los mejores.<\/p>\n","protected":false},"excerpt":{"rendered":"<div class=\"mh-excerpt\">El pasado fin de semana se celebr\u00f3 la novena prueba del mundial de motociclismo en el magnifico circuito de Mugello . Con una climatolog\u00eda inmejorable durante todo el fin de semana, nuestros pilotos Adri\u00e1n Mart\u00edn <a class=\"mh-excerpt-more\" href=\"https:\/\/www.tucomarca.com\/wordpress\/segunda\/hector-barbera-finaliza-9%c2%ba-y-adrian-martin-13%c2%ba-en-el-gran-premio-de-mugello\/\" title=\"H\u00e9ctor Barber\u00e1 finaliza 9\u00ba y Adri\u00e1n Mart\u00edn 13\u00ba en el Gran Premio de Mugello\">[+] <\/a><\/div>\n","protected":false},"author":2,"featured_media":0,"comment_status":"open","ping_status":"open","sticky":false,"template":"","format":"standard","meta":{"footnotes":""},"categories":[16,6,15,10,91,3],"tags":[10407],"class_list":{"0":"post-5492","1":"post","2":"type-post","3":"status-publish","4":"format-standard","6":"category-chiva","7":"category-deportes","8":"category-dos-aguas","9":"category-la-hoya","10":"category-motociclismo","11":"category-seccion","12":"tag-motociclismo"},"_links":{"self":[{"href":"https:\/\/www.tucomarca.com\/wordpress\/segunda\/wp-json\/wp\/v2\/posts\/5492","targetHints":{"allow":["GET"]}}],"collection":[{"href":"https:\/\/www.tucomarca.com\/wordpress\/segunda\/wp-json\/wp\/v2\/posts"}],"about":[{"href":"https:\/\/www.tucomarca.com\/wordpress\/segunda\/wp-json\/wp\/v2\/types\/post"}],"author":[{"embeddable":true,"href":"https:\/\/www.tucomarca.com\/wordpress\/segunda\/wp-json\/wp\/v2\/users\/2"}],"replies":[{"embeddable":true,"href":"https:\/\/www.tucomarca.com\/wordpress\/segunda\/wp-json\/wp\/v2\/comments?post=5492"}],"version-history":[{"count":0,"href":"https:\/\/www.tucomarca.com\/wordpress\/segunda\/wp-json\/wp\/v2\/posts\/5492\/revisions"}],"wp:attachment":[{"href":"https:\/\/www.tucomarca.com\/wordpress\/segunda\/wp-json\/wp\/v2\/media?parent=5492"}],"wp:term":[{"taxonomy":"category","embeddable":true,"href":"https:\/\/www.tucomarca.com\/wordpress\/segunda\/wp-json\/wp\/v2\/categories?post=5492"},{"taxonomy":"post_tag","embeddable":true,"href":"https:\/\/www.tucomarca.com\/wordpress\/segunda\/wp-json\/wp\/v2\/tags?post=5492"}],"curies":[{"name":"wp","href":"https:\/\/api.w.org\/{rel}","templated":true}]}}