{"id":5512,"date":"2012-07-16T20:56:43","date_gmt":"2012-07-16T18:56:43","guid":{"rendered":"http:\/\/www.tucomarca.com\/wordpress\/segunda\/?p=5512"},"modified":"2012-07-16T20:57:33","modified_gmt":"2012-07-16T18:57:33","slug":"cc-oo-convoca-una-manifestacion-para-este-jueves-en-valencia-como-protesta-por-los-recortes","status":"publish","type":"post","link":"https:\/\/www.tucomarca.com\/wordpress\/segunda\/cc-oo-convoca-una-manifestacion-para-este-jueves-en-valencia-como-protesta-por-los-recortes\/","title":{"rendered":"CC OO convoca una manifestaci\u00f3n para este jueves en Valencia como protesta por los recortes"},"content":{"rendered":"<figure id=\"attachment_5513\" aria-describedby=\"caption-attachment-5513\" style=\"width: 214px\" class=\"wp-caption alignleft\"><a href=\"https:\/\/www.tucomarca.com\/wordpress\/segunda\/wp-content\/uploads\/2012\/07\/cartelCCOO.jpg\"><img loading=\"lazy\" decoding=\"async\" class=\"size-medium wp-image-5513\" title=\"cartelCCOO\" src=\"https:\/\/www.tucomarca.com\/wordpress\/segunda\/wp-content\/uploads\/2012\/07\/cartelCCOO-214x300.jpg\" alt=\"Cartel anunciador de la jornada.\" width=\"214\" height=\"300\" srcset=\"https:\/\/www.tucomarca.com\/wordpress\/segunda\/wp-content\/uploads\/2012\/07\/cartelCCOO-214x300.jpg 214w, https:\/\/www.tucomarca.com\/wordpress\/segunda\/wp-content\/uploads\/2012\/07\/cartelCCOO-731x1024.jpg 731w, https:\/\/www.tucomarca.com\/wordpress\/segunda\/wp-content\/uploads\/2012\/07\/cartelCCOO-1024x1433.jpg 1024w, https:\/\/www.tucomarca.com\/wordpress\/segunda\/wp-content\/uploads\/2012\/07\/cartelCCOO.jpg 1240w\" sizes=\"auto, (max-width: 214px) 100vw, 214px\" \/><\/a><figcaption id=\"caption-attachment-5513\" class=\"wp-caption-text\">Cartel anunciador de la jornada.<\/figcaption><\/figure>\n<p>El sindicato Comisiones Obreras ha convocado para este jueves, 19 de julio, una manifestaci\u00f3n en Valencia.<\/p>\n<p>\u00abUna agresi\u00f3n a las personas en paro, a los empleados p\u00fablicos, a la econom\u00eda, a los peque\u00f1os aut\u00f3nomos y a la democracia. El nuevo plan de recortes aprobado por el Gobierno del Partido Popular no va a quedar sin respuesta por ello hacemos un llamamiento a la ciudadan\u00eda para que participe en la manifestaci\u00f3n que se ha convocado para este Jueves a las 20 horas en Valencia\u00bb, han informado desde CC OO.<\/p>\n<p>\u00abEl Partido Popular\u00a0 siendo el presidente del Gobierno Mariano Rajoy, ataca sin precedentes, no ya a los derechos de los trabajadores y trabajadoras, a las personas en paro y empleados p\u00fablicos,\u00a0 peque\u00f1os aut\u00f3nomos, sino a los fundamentos\u00a0 que hicieron posible la Constituci\u00f3n, y a la propia democracia, una agresi\u00f3n de consecuencias, laborales, sociales, econ\u00f3micas y pol\u00edticas, aseguran desde CC OO.<\/p>\n","protected":false},"excerpt":{"rendered":"<div class=\"mh-excerpt\">El sindicato Comisiones Obreras ha convocado para este jueves, 19 de julio, una manifestaci\u00f3n en Valencia. \u00abUna agresi\u00f3n a las personas en paro, a los empleados p\u00fablicos, a la econom\u00eda, a los peque\u00f1os aut\u00f3nomos y <a class=\"mh-excerpt-more\" href=\"https:\/\/www.tucomarca.com\/wordpress\/segunda\/cc-oo-convoca-una-manifestacion-para-este-jueves-en-valencia-como-protesta-por-los-recortes\/\" title=\"CC OO convoca una manifestaci\u00f3n para este jueves en Valencia como protesta por los recortes\">[+] <\/a><\/div>\n","protected":false},"author":1,"featured_media":5513,"comment_status":"open","ping_status":"open","sticky":false,"template":"","format":"standard","meta":{"footnotes":""},"categories":[8,72,10,142,3],"tags":[],"class_list":{"0":"post-5512","1":"post","2":"type-post","3":"status-publish","4":"format-standard","5":"has-post-thumbnail","7":"category-la-comarca","8":"category-sin-categorizar","9":"category-la-hoya","10":"category-politica-la-comarca","11":"category-seccion"},"_links":{"self":[{"href":"https:\/\/www.tucomarca.com\/wordpress\/segunda\/wp-json\/wp\/v2\/posts\/5512","targetHints":{"allow":["GET"]}}],"collection":[{"href":"https:\/\/www.tucomarca.com\/wordpress\/segunda\/wp-json\/wp\/v2\/posts"}],"about":[{"href":"https:\/\/www.tucomarca.com\/wordpress\/segunda\/wp-json\/wp\/v2\/types\/post"}],"author":[{"embeddable":true,"href":"https:\/\/www.tucomarca.com\/wordpress\/segunda\/wp-json\/wp\/v2\/users\/1"}],"replies":[{"embeddable":true,"href":"https:\/\/www.tucomarca.com\/wordpress\/segunda\/wp-json\/wp\/v2\/comments?post=5512"}],"version-history":[{"count":0,"href":"https:\/\/www.tucomarca.com\/wordpress\/segunda\/wp-json\/wp\/v2\/posts\/5512\/revisions"}],"wp:featuredmedia":[{"embeddable":true,"href":"https:\/\/www.tucomarca.com\/wordpress\/segunda\/wp-json\/wp\/v2\/media\/5513"}],"wp:attachment":[{"href":"https:\/\/www.tucomarca.com\/wordpress\/segunda\/wp-json\/wp\/v2\/media?parent=5512"}],"wp:term":[{"taxonomy":"category","embeddable":true,"href":"https:\/\/www.tucomarca.com\/wordpress\/segunda\/wp-json\/wp\/v2\/categories?post=5512"},{"taxonomy":"post_tag","embeddable":true,"href":"https:\/\/www.tucomarca.com\/wordpress\/segunda\/wp-json\/wp\/v2\/tags?post=5512"}],"curies":[{"name":"wp","href":"https:\/\/api.w.org\/{rel}","templated":true}]}}