{"id":5522,"date":"2012-07-16T21:08:19","date_gmt":"2012-07-16T19:08:19","guid":{"rendered":"http:\/\/www.tucomarca.com\/wordpress\/segunda\/?p=5522"},"modified":"2012-07-16T21:08:19","modified_gmt":"2012-07-16T19:08:19","slug":"cheste-acoge-una-jornada-para-fomentar-la-creatividad-entre-los-emprendedores","status":"publish","type":"post","link":"https:\/\/www.tucomarca.com\/wordpress\/segunda\/cheste-acoge-una-jornada-para-fomentar-la-creatividad-entre-los-emprendedores\/","title":{"rendered":"Cheste acoge una jornada para fomentar la creatividad entre los emprendedores"},"content":{"rendered":"<figure id=\"attachment_5523\" aria-describedby=\"caption-attachment-5523\" style=\"width: 300px\" class=\"wp-caption alignleft\"><a href=\"https:\/\/www.tucomarca.com\/wordpress\/segunda\/wp-content\/uploads\/2012\/07\/Emprendedores_Cheste..jpg\"><img loading=\"lazy\" decoding=\"async\" class=\"size-medium wp-image-5523\" title=\"Emprendedores_Cheste.\" src=\"https:\/\/www.tucomarca.com\/wordpress\/segunda\/wp-content\/uploads\/2012\/07\/Emprendedores_Cheste.-300x198.jpg\" alt=\"Jornadas desarrolladas en Cheste.\" width=\"300\" height=\"198\" srcset=\"https:\/\/www.tucomarca.com\/wordpress\/segunda\/wp-content\/uploads\/2012\/07\/Emprendedores_Cheste.-300x198.jpg 300w, https:\/\/www.tucomarca.com\/wordpress\/segunda\/wp-content\/uploads\/2012\/07\/Emprendedores_Cheste.-1024x679.jpg 1024w\" sizes=\"auto, (max-width: 300px) 100vw, 300px\" \/><\/a><figcaption id=\"caption-attachment-5523\" class=\"wp-caption-text\">Jornadas desarrolladas en Cheste.<\/figcaption><\/figure>\n<p>El Ayuntamiento de Cheste a trav\u00e9s del servicio de ADL y del Centro Europeo de Empresas Innovadoras ha desarrollado la Jornada <em>Idea+, Creatividad Emprendedora<\/em>.<\/p>\n<p>La Jornada ha sido impartida por Isidro Campo, T\u00e9cnico de Proyectos e Innovaci\u00f3n\u00a0 CEEI Valencia y pretende formentar la generaci\u00f3n de ideas y creatividad empresarial entre los emprendedores y personas interesadas.<\/p>\n<p>Los m\u00e1s de 20 participantes se les ha dado a conocer la plataforma\u00a0 Emprenenjunts, as\u00ed como t\u00e9cnicas para potenciar y explorar la creatividad personal, para generar ideas de cara a la creaci\u00f3n de empresas y el autoconocimiento de los asistentes.<\/p>\n<p>Tambi\u00e9n se han abordado aspectos tan importantes c\u00f3mo detectar y conocer los factores limitadores de la creatividad para poder hacerles frente, o las oportunidades de desarrollo empresarial que nos ofrecen las nuevas tecnolog\u00edas, explicaba Rosa M\u00aa Cervera, Concejal de Desarrollo Empresarial el Ayuntamiento de Cheste.<\/p>\n<p>\u201cEn general, ha sido una Jornada bastante interesante, instructiva y amena para los participantes\u201d, ha subrayado Rosa M\u00aa Cervera.<\/p>\n","protected":false},"excerpt":{"rendered":"<div class=\"mh-excerpt\">El Ayuntamiento de Cheste a trav\u00e9s del servicio de ADL y del Centro Europeo de Empresas Innovadoras ha desarrollado la Jornada Idea+, Creatividad Emprendedora. La Jornada ha sido impartida por Isidro Campo, T\u00e9cnico de Proyectos <a class=\"mh-excerpt-more\" href=\"https:\/\/www.tucomarca.com\/wordpress\/segunda\/cheste-acoge-una-jornada-para-fomentar-la-creatividad-entre-los-emprendedores\/\" title=\"Cheste acoge una jornada para fomentar la creatividad entre los emprendedores\">[+] <\/a><\/div>\n","protected":false},"author":1,"featured_media":5523,"comment_status":"open","ping_status":"open","sticky":false,"template":"","format":"standard","meta":{"footnotes":""},"categories":[17,8,10,3],"tags":[],"class_list":{"0":"post-5522","1":"post","2":"type-post","3":"status-publish","4":"format-standard","5":"has-post-thumbnail","7":"category-cheste","8":"category-la-comarca","9":"category-la-hoya","10":"category-seccion"},"_links":{"self":[{"href":"https:\/\/www.tucomarca.com\/wordpress\/segunda\/wp-json\/wp\/v2\/posts\/5522","targetHints":{"allow":["GET"]}}],"collection":[{"href":"https:\/\/www.tucomarca.com\/wordpress\/segunda\/wp-json\/wp\/v2\/posts"}],"about":[{"href":"https:\/\/www.tucomarca.com\/wordpress\/segunda\/wp-json\/wp\/v2\/types\/post"}],"author":[{"embeddable":true,"href":"https:\/\/www.tucomarca.com\/wordpress\/segunda\/wp-json\/wp\/v2\/users\/1"}],"replies":[{"embeddable":true,"href":"https:\/\/www.tucomarca.com\/wordpress\/segunda\/wp-json\/wp\/v2\/comments?post=5522"}],"version-history":[{"count":0,"href":"https:\/\/www.tucomarca.com\/wordpress\/segunda\/wp-json\/wp\/v2\/posts\/5522\/revisions"}],"wp:featuredmedia":[{"embeddable":true,"href":"https:\/\/www.tucomarca.com\/wordpress\/segunda\/wp-json\/wp\/v2\/media\/5523"}],"wp:attachment":[{"href":"https:\/\/www.tucomarca.com\/wordpress\/segunda\/wp-json\/wp\/v2\/media?parent=5522"}],"wp:term":[{"taxonomy":"category","embeddable":true,"href":"https:\/\/www.tucomarca.com\/wordpress\/segunda\/wp-json\/wp\/v2\/categories?post=5522"},{"taxonomy":"post_tag","embeddable":true,"href":"https:\/\/www.tucomarca.com\/wordpress\/segunda\/wp-json\/wp\/v2\/tags?post=5522"}],"curies":[{"name":"wp","href":"https:\/\/api.w.org\/{rel}","templated":true}]}}