{"id":5526,"date":"2012-07-16T21:12:17","date_gmt":"2012-07-16T19:12:17","guid":{"rendered":"http:\/\/www.tucomarca.com\/wordpress\/segunda\/?p=5526"},"modified":"2012-07-16T21:12:17","modified_gmt":"2012-07-16T19:12:17","slug":"operarios-del-ayuntamiento-de-cheste-restauran-la-valla-del-colegio-giner-de-los-rios","status":"publish","type":"post","link":"https:\/\/www.tucomarca.com\/wordpress\/segunda\/operarios-del-ayuntamiento-de-cheste-restauran-la-valla-del-colegio-giner-de-los-rios\/","title":{"rendered":"Operarios del Ayuntamiento de Cheste restauran la valla del colegio Giner de los R\u00edos"},"content":{"rendered":"<figure id=\"attachment_5527\" aria-describedby=\"caption-attachment-5527\" style=\"width: 300px\" class=\"wp-caption alignleft\"><a href=\"https:\/\/www.tucomarca.com\/wordpress\/segunda\/wp-content\/uploads\/2012\/07\/Valla.jpg\"><img loading=\"lazy\" decoding=\"async\" class=\"size-medium wp-image-5527\" title=\"Valla\" src=\"https:\/\/www.tucomarca.com\/wordpress\/segunda\/wp-content\/uploads\/2012\/07\/Valla-300x168.jpg\" alt=\"Valla del colegio restaurada por el Ayuntamiento.\" width=\"300\" height=\"168\" srcset=\"https:\/\/www.tucomarca.com\/wordpress\/segunda\/wp-content\/uploads\/2012\/07\/Valla-300x168.jpg 300w, https:\/\/www.tucomarca.com\/wordpress\/segunda\/wp-content\/uploads\/2012\/07\/Valla-1024x576.jpg 1024w, https:\/\/www.tucomarca.com\/wordpress\/segunda\/wp-content\/uploads\/2012\/07\/Valla.jpg 2048w\" sizes=\"auto, (max-width: 300px) 100vw, 300px\" \/><\/a><figcaption id=\"caption-attachment-5527\" class=\"wp-caption-text\">Valla del colegio restaurada por el Ayuntamiento.<\/figcaption><\/figure>\n<p>El Ayuntamiento de Cheste ha comenzado estos d\u00edas obras de mejora en distintas instalaciones p\u00fablicas de la localidad. En esta ocasi\u00f3n uno de los trabajos acometidos ha sido la pintura y restauraci\u00f3n de la valla del Colegio P\u00fablico Francisco Giner de los R\u00edos.<\/p>\n<p>A trav\u00e9s de la Concejal\u00eda de Servicios del Ayuntamiento de Cheste se est\u00e1n llevando a cabo estos d\u00edas sucesivas obras de reparaci\u00f3n y mejora en muchos de los edificios p\u00fablicos de la localidad, en esta ocasi\u00f3n uno de los\u00a0 afectados por estos trabajos ha sido el Colegio P\u00fablico Giner de los R\u00edos<\/p>\n<p>La valla de hormig\u00f3n de este\u00a0 Centro P\u00fablico de Educaci\u00f3n, que adem\u00e1s alberga estos d\u00edas la Escuela de Verano, ha sido pintada evitando su deterioro y reparando los da\u00f1os que el paso del tiempo y el uso le provocan.<\/p>\n<p>Como ha explicado el Alcalde de Cheste, David Dom\u00e9nech \u201ca pesar de los tiempos que corren, es imprescindible mantener el buen estado de las infraestructuras p\u00fablicas de Cheste, y sobre todo aquellas destinadas a nuestros j\u00f3venes o a aspectos tan importantes como la educaci\u00f3n y la cultura\u201d<\/p>\n<p>El Ayuntamiento de Cheste, una a\u00f1o m\u00e1s, ha aprovechado el momento estival en el que los menores cuentan con vacaciones escolares para\u00a0 el adecentamiento de esta valla con notables resultados.<\/p>\n<p>Todos estos planes de mejora de las edificaciones chestanas han sido realizadas por personal del consistorio ya que otro de los fines como apuntaba el primer edil de Cheste \u201ces hacerlo desde una perspectiva de ahorro econ\u00f3mico que no suponga un esfuerzo extra para las arcas municipales, aunque las labores conlleven m\u00e1s tiempo\u201d.<\/p>\n","protected":false},"excerpt":{"rendered":"<div class=\"mh-excerpt\">El Ayuntamiento de Cheste ha comenzado estos d\u00edas obras de mejora en distintas instalaciones p\u00fablicas de la localidad. En esta ocasi\u00f3n uno de los trabajos acometidos ha sido la pintura y restauraci\u00f3n de la valla <a class=\"mh-excerpt-more\" href=\"https:\/\/www.tucomarca.com\/wordpress\/segunda\/operarios-del-ayuntamiento-de-cheste-restauran-la-valla-del-colegio-giner-de-los-rios\/\" title=\"Operarios del Ayuntamiento de Cheste restauran la valla del colegio Giner de los R\u00edos\">[+] <\/a><\/div>\n","protected":false},"author":1,"featured_media":5527,"comment_status":"open","ping_status":"open","sticky":false,"template":"","format":"standard","meta":{"footnotes":""},"categories":[17,128,8,10,3],"tags":[],"class_list":{"0":"post-5526","1":"post","2":"type-post","3":"status-publish","4":"format-standard","5":"has-post-thumbnail","7":"category-cheste","8":"category-infraestructuras","9":"category-la-comarca","10":"category-la-hoya","11":"category-seccion"},"_links":{"self":[{"href":"https:\/\/www.tucomarca.com\/wordpress\/segunda\/wp-json\/wp\/v2\/posts\/5526","targetHints":{"allow":["GET"]}}],"collection":[{"href":"https:\/\/www.tucomarca.com\/wordpress\/segunda\/wp-json\/wp\/v2\/posts"}],"about":[{"href":"https:\/\/www.tucomarca.com\/wordpress\/segunda\/wp-json\/wp\/v2\/types\/post"}],"author":[{"embeddable":true,"href":"https:\/\/www.tucomarca.com\/wordpress\/segunda\/wp-json\/wp\/v2\/users\/1"}],"replies":[{"embeddable":true,"href":"https:\/\/www.tucomarca.com\/wordpress\/segunda\/wp-json\/wp\/v2\/comments?post=5526"}],"version-history":[{"count":0,"href":"https:\/\/www.tucomarca.com\/wordpress\/segunda\/wp-json\/wp\/v2\/posts\/5526\/revisions"}],"wp:featuredmedia":[{"embeddable":true,"href":"https:\/\/www.tucomarca.com\/wordpress\/segunda\/wp-json\/wp\/v2\/media\/5527"}],"wp:attachment":[{"href":"https:\/\/www.tucomarca.com\/wordpress\/segunda\/wp-json\/wp\/v2\/media?parent=5526"}],"wp:term":[{"taxonomy":"category","embeddable":true,"href":"https:\/\/www.tucomarca.com\/wordpress\/segunda\/wp-json\/wp\/v2\/categories?post=5526"},{"taxonomy":"post_tag","embeddable":true,"href":"https:\/\/www.tucomarca.com\/wordpress\/segunda\/wp-json\/wp\/v2\/tags?post=5526"}],"curies":[{"name":"wp","href":"https:\/\/api.w.org\/{rel}","templated":true}]}}