{"id":55345,"date":"2017-03-27T14:58:31","date_gmt":"2017-03-27T11:58:31","guid":{"rendered":"http:\/\/www.tucomarca.com\/wordpress\/segunda\/?p=55345"},"modified":"2017-04-01T05:12:33","modified_gmt":"2017-04-01T03:12:33","slug":"cheste-supera-la-recaudacion-por-la-lucha-contra-el-cancer-de-ediciones-precedentes","status":"publish","type":"post","link":"https:\/\/www.tucomarca.com\/wordpress\/segunda\/cheste-supera-la-recaudacion-por-la-lucha-contra-el-cancer-de-ediciones-precedentes\/","title":{"rendered":"Cheste supera la recaudaci\u00f3n de ediciones precedentes en la lucha contra el c\u00e1ncer"},"content":{"rendered":"<figure id=\"attachment_55346\" aria-describedby=\"caption-attachment-55346\" style=\"width: 300px\" class=\"wp-caption alignleft\"><a href=\"https:\/\/www.tucomarca.com\/wordpress\/segunda\/wp-content\/uploads\/2017\/03\/Chesteruncancer17.jpg\"><img loading=\"lazy\" decoding=\"async\" class=\"size-medium wp-image-55346\" title=\"Chesteruncancer17\" src=\"https:\/\/www.tucomarca.com\/wordpress\/segunda\/wp-content\/uploads\/2017\/03\/Chesteruncancer17-300x199.jpg\" alt=\"Las autoridades locales, encabezadas por el alcalde, junto a la organizaci\u00f3n y participantes en Cheste.\" width=\"300\" height=\"199\" \/><\/a><figcaption id=\"caption-attachment-55346\" class=\"wp-caption-text\">Las autoridades locales, encabezadas por el alcalde, junto a la organizaci\u00f3n y participantes en Cheste.<\/figcaption><\/figure>\n<p>El circuito <em>Run C\u00e1ncer<\/em> 2017 se disputaba ayer, domingo, en Cheste con una doble prueba: a las once comenzaba la carrera 8K y, media hora m\u00e1s tarde, una multitudinaria marcha de 4 kil\u00f3metros.<\/p>\n<p>\u201cCheste ya estuvo con nosotros el a\u00f1o pasado con una marcha en la que participaron cerca de 600 personas y este a\u00f1o hemos querido premiar su buen trabajo haciendo este evento un poquito m\u00e1s grande, incorporando la modalidad de carrera\u201d, explicaba Alex Aparicio, director del circuito Run C\u00e1ncer.<\/p>\n<p>En total ser\u00e1n 61 localidades de la provincia las que participar\u00e1n en el circuito y las que destinar\u00e1n la totalidad de la recaudaci\u00f3n a la investigaci\u00f3n para la lucha contra el c\u00e1ncer. \u201cEl a\u00f1o pasado conseguimos recoger en Cheste cerca de 3.265 euros y este a\u00f1o hemos llegado a los 3.430 euros con la venta de 686 dorsales\u201d, comentaba Ana Bonilla, presidenta de la junta local de la Asociaci\u00f3n Espa\u00f1ola Contra el C\u00e1ncer. \u201cEn total, durante todo el a\u00f1o, conseguimos 27.500 euros gracias a la solidaridad de los chestanos y chestanas. En 2017 ya llevamos 18.915 euros, as\u00ed que seguro que lo superaremos\u201d.<\/p>\n<p>El circuito <em>Run C\u00e1ncer<\/em> 2016 destin\u00f3 los 146.865 euros recaudados a la investigaci\u00f3n oncol\u00f3gica, concretamente a 3 becas <em>predoctorales<\/em> para j\u00f3venes investigadores. \u201cContamos con una serie de empresas e instituciones colaboradoras que se hacen cargo del coste total de las carreras en cada una de las localidades, por ello hemos podido destinar \u00edntegramente el dinero recaudado para becar a tres j\u00f3venes investigadores brillant\u00edsimos que sin esta ayuda se hubieran tenido que ir fuera del pa\u00eds\u201d, explicaba el director del circuito. \u201cLa AECC quiere retener el talento joven, ya que\u00a0 con los escasos recursos que se destinan a la investigaci\u00f3n en Espa\u00f1a, los cient\u00edficos se tienen que ir a otras universidades y centros de investigaci\u00f3n del mundo\u201d.<\/p>\n<p>A la finalizaci\u00f3n de las pruebas, las cerca de mil de personas de todas las edades que se han reunido en la plaza Doctor Cajal han podido disfrutar de bizcocho, zumos y jam\u00f3n entre<\/p>\n<p>otros aperitivos. \u201cA mis 83 a\u00f1os participo en todas las carreras que puedo, pero las de la Asociaci\u00f3n\u00a0 Espa\u00f1ola Contra el C\u00e1ncer son especiales porque todos ponemos nuestro granito de arena para ayudar a acabar con esta lacra\u201d, comentaba Josefina Rodrigo. \u201cAnimo a todo el mundo a participar en el circuito, yo he hecho la marcha caminando, eso s\u00ed ligerita, y es un gozada\u201d.<\/p>\n<p>Para cerrar el evento se ha realizado la entrega de premios de la carrera, en la que los ganadores absolutos de la prueba han sido: Miguel V\u00e1zquez Fern\u00e1ndez, en la categor\u00eda masculina, con una marca de 00:27:32 y Sonia Chuve Farfan, en la categor\u00eda femenina, con un tiempo de 36 minutos y 13 segundos. Las clasificaciones de la carrera ya se pueden consultar en toprun.es.<\/p>\n<p>Tras la entrega de premios, la presidenta de la Junta Local de la AECC en Cheste, Ana Bonilla,\u00a0 ha tenido unas palabras de agradecimiento para los participantes, la Organizaci\u00f3n, las empresas colaboradoras, el Ayuntamiento y los voluntarios de las asociaciones locales. \u201cJuntos lo logramos, vamos a conseguir que esta enfermedad se cure un d\u00eda y no va a ser uno muy lejano. \u00danete a la vida saludable contra el c\u00e1ncer, haz deporte, baila, camina. Muchas gracias desde el fondo de nuestro coraz\u00f3n\u201d.<\/p>\n<p>Por su parte, el alcalde de Cheste, Jos\u00e9 Morell, ha hecho un reconocimiento a la junta local de la AECC y a la solidaridad del municipio: \u201cEste a\u00f1o ha sido un honor para nosotros acoger esta carrera que une deporte, ocio y sensibilizaci\u00f3n por una buena causa. Quiero reconocer el trabajo incansable de esta junta local y la solidaridad del pueblo de Cheste que cada a\u00f1o se supera en la recaudaci\u00f3n\u201d.<\/p>\n","protected":false},"excerpt":{"rendered":"<div class=\"mh-excerpt\">El circuito Run C\u00e1ncer 2017 se disputaba ayer, domingo, en Cheste con una doble prueba: a las once comenzaba la carrera 8K y, media hora m\u00e1s tarde, una multitudinaria marcha de 4 kil\u00f3metros. \u201cCheste ya <a class=\"mh-excerpt-more\" href=\"https:\/\/www.tucomarca.com\/wordpress\/segunda\/cheste-supera-la-recaudacion-por-la-lucha-contra-el-cancer-de-ediciones-precedentes\/\" title=\"Cheste supera la recaudaci\u00f3n de ediciones precedentes en la lucha contra el c\u00e1ncer\">[+] <\/a><\/div>\n","protected":false},"author":1,"featured_media":55346,"comment_status":"open","ping_status":"open","sticky":false,"template":"","format":"standard","meta":{"footnotes":""},"categories":[98,17,6,8,10,3,45],"tags":[],"class_list":{"0":"post-55345","1":"post","2":"type-post","3":"status-publish","4":"format-standard","5":"has-post-thumbnail","7":"category-atletismo","8":"category-cheste","9":"category-deportes","10":"category-la-comarca","11":"category-la-hoya","12":"category-seccion","13":"category-ventana"},"_links":{"self":[{"href":"https:\/\/www.tucomarca.com\/wordpress\/segunda\/wp-json\/wp\/v2\/posts\/55345","targetHints":{"allow":["GET"]}}],"collection":[{"href":"https:\/\/www.tucomarca.com\/wordpress\/segunda\/wp-json\/wp\/v2\/posts"}],"about":[{"href":"https:\/\/www.tucomarca.com\/wordpress\/segunda\/wp-json\/wp\/v2\/types\/post"}],"author":[{"embeddable":true,"href":"https:\/\/www.tucomarca.com\/wordpress\/segunda\/wp-json\/wp\/v2\/users\/1"}],"replies":[{"embeddable":true,"href":"https:\/\/www.tucomarca.com\/wordpress\/segunda\/wp-json\/wp\/v2\/comments?post=55345"}],"version-history":[{"count":0,"href":"https:\/\/www.tucomarca.com\/wordpress\/segunda\/wp-json\/wp\/v2\/posts\/55345\/revisions"}],"wp:featuredmedia":[{"embeddable":true,"href":"https:\/\/www.tucomarca.com\/wordpress\/segunda\/wp-json\/wp\/v2\/media\/55346"}],"wp:attachment":[{"href":"https:\/\/www.tucomarca.com\/wordpress\/segunda\/wp-json\/wp\/v2\/media?parent=55345"}],"wp:term":[{"taxonomy":"category","embeddable":true,"href":"https:\/\/www.tucomarca.com\/wordpress\/segunda\/wp-json\/wp\/v2\/categories?post=55345"},{"taxonomy":"post_tag","embeddable":true,"href":"https:\/\/www.tucomarca.com\/wordpress\/segunda\/wp-json\/wp\/v2\/tags?post=55345"}],"curies":[{"name":"wp","href":"https:\/\/api.w.org\/{rel}","templated":true}]}}