{"id":55465,"date":"2017-04-02T17:36:33","date_gmt":"2017-04-02T15:36:33","guid":{"rendered":"http:\/\/www.tucomarca.com\/wordpress\/segunda\/?p=55465"},"modified":"2017-04-02T17:36:33","modified_gmt":"2017-04-02T15:36:33","slug":"el-mundo-del-futbol-reclama-en-el-cotif-igualdad-para-la-mujer","status":"publish","type":"post","link":"https:\/\/www.tucomarca.com\/wordpress\/segunda\/el-mundo-del-futbol-reclama-en-el-cotif-igualdad-para-la-mujer\/","title":{"rendered":"El mundo del f\u00fatbol reclama en el COTIF igualdad para la mujer"},"content":{"rendered":"<figure id=\"attachment_55466\" aria-describedby=\"caption-attachment-55466\" style=\"width: 300px\" class=\"wp-caption alignleft\"><a href=\"https:\/\/www.tucomarca.com\/wordpress\/segunda\/wp-content\/uploads\/2017\/04\/CotifFutbolFemeni.jpg\"><img loading=\"lazy\" decoding=\"async\" class=\"size-medium wp-image-55466\" src=\"https:\/\/www.tucomarca.com\/wordpress\/segunda\/wp-content\/uploads\/2017\/04\/CotifFutbolFemeni-300x143.jpg\" alt=\"Participantes en la mesa redonda organizada por el torneo de l\u2019Alc\u00fadia.\" width=\"300\" height=\"143\" srcset=\"https:\/\/www.tucomarca.com\/wordpress\/segunda\/wp-content\/uploads\/2017\/04\/CotifFutbolFemeni-300x143.jpg 300w, https:\/\/www.tucomarca.com\/wordpress\/segunda\/wp-content\/uploads\/2017\/04\/CotifFutbolFemeni-768x367.jpg 768w, https:\/\/www.tucomarca.com\/wordpress\/segunda\/wp-content\/uploads\/2017\/04\/CotifFutbolFemeni-1024x490.jpg 1024w, https:\/\/www.tucomarca.com\/wordpress\/segunda\/wp-content\/uploads\/2017\/04\/CotifFutbolFemeni.jpg 1079w\" sizes=\"auto, (max-width: 300px) 100vw, 300px\" \/><\/a><figcaption id=\"caption-attachment-55466\" class=\"wp-caption-text\"><em>Participantes en la mesa redonda organizada por el torneo de l\u2019Alc\u00fadia.<\/em><\/figcaption><\/figure>\n<p><b>El torneo de l\u2019Alc\u00fadia re\u00fane en una mesa redonda, a la que asisten cientos de personas, al seleccionador espa\u00f1ol, el entrenador del Atl\u00e9tico de Madrid, las coordinadoras deportivas del Levante UD y Valencia CF y el mundo arbitral\u00a0<\/b><\/p>\n<p>Los Salones del Siglo XXI de l\u2019Alc\u00fadia fueron esta semana\u00a0sede de un momento hist\u00f3rico. El COTIF organiz\u00f3 all\u00ed una mesa redonda en la que se dio cabida a importantes representantes del f\u00fatbol femenino espa\u00f1ol, en un acto organizado para seguir potenciando el deporte rey entre las mujeres. Se dieron cita el seleccionador espa\u00f1ol, Jorge Vilda; el entrenador del Atl\u00e9tico de Madrid, \u00c1ngel Villacampa; las coordinadoras generales del Valencia CF y Levante UD, Marina Gassent y Rosa Castillo, respectivamente; y la \u00e1rbitra Tatiana Comino, que reflexionaron sobre el f\u00fatbol femenino durante varias horas y ante cientos de personas. Una cita necesaria que marca un antes y un despu\u00e9s en la historia del f\u00fatbol femenino espa\u00f1ol. La mesa sirvi\u00f3 para tratar una infinidad de temas, caso de las expectativas de la selecci\u00f3n en la pr\u00f3xima Eurocopa de Holanda, la pugna liguera por el t\u00edtulo entre colchoneras, ches, cul\u00e9s y granotas, la vida de las \u00e1rbitras en los campos de Regional Preferente o los cambios acelerados que el deporte femenino est\u00e1 viviendo en los \u00faltimos a\u00f1os.<\/p>\n<p>El primero en intervenir fue el concejal de Deportes del Ayuntamiento de l\u2019Alc\u00fadia, Paco Mart\u00ednez, que record\u00f3 que en los a\u00f1os treinta del siglo pasado la mujer ten\u00eda una importante presencia en el mundo del deporte y que ahora s\u00f3lo se est\u00e1 \u201crecuperando el terreno perdido\u201d en la b\u00fasqueda de la igualdad. Para ello, dijo, es \u201cnecesario dar visibilidad al deporte femenino con mesas de debate como \u00e9sta y en los medios de comunicaci\u00f3n\u201d. Por su parte, el presidente del COTIF, Eliseu G\u00f3mez, dijo estar ante una \u201cmesa redonda hist\u00f3rica\u201d que supone el colof\u00f3n perfecto a la apuesta que el torneo alcudiano lleva haciendo ya mucho tiempo por la mujer.<\/p>\n<p>La primera intervenci\u00f3n de la mesa corri\u00f3 a cargo del seleccionador, Jorge Vilda, que lleg\u00f3 al cargo hace un par de a\u00f1os y ha conseguido algunos de los \u00e9xitos m\u00e1s importantes de la historia. El entrenador de Espa\u00f1a afirm\u00f3 que su cuerpo t\u00e9cnico trabaja para reducir las distancias con algunos de los pa\u00edses con m\u00e1s tradici\u00f3n futbolera entre las mujeres, caso de Estados Unidos de Am\u00e9rica, Canad\u00e1, Jap\u00f3n, Suecia o Inglaterra. \u201cLo normal es que la Eurocopa la gane Alemania porque es la selecci\u00f3n que ha vencido en las \u00faltimas seis ediciones. Es decir, llevan veinticuatro a\u00f1os de hegemon\u00eda. Cualquier cosa que no sea eso ser\u00e1 una sorpresa\u201d, afirm\u00f3 Vilda, que subray\u00f3 el importante papel de cientos de personas que trabajan de \u201cforma subterr\u00e1nea\u201d en la preparaci\u00f3n espec\u00edfica de las mujeres futbolistas, por ejemplo en el perfeccionamiento de las porteras. \u201cEl fruto se est\u00e1 recogiendo ahora\u201d, a\u00f1adi\u00f3. Por su parte, el entrenador del Atl\u00e9tico de Madrid, \u00c1ngel Villacampa, dijo haber vivido un a\u00f1o inmejorable desde que lleg\u00f3 al cargo de responsable del equipo colchonero en enero de 2016. Eludi\u00f3 lanzar campanas al vuelo por su primera posici\u00f3n en la liga pero dijo que cuenta con una estructura futbol\u00edstica y con un apoyo del club como para aspirar a ser una formaci\u00f3n importante a nivel europeo. \u201cLa normalidad llegar\u00e1 no cuando al equipo femenino lo entrene una mujer sino cuando lo haga en el conjunto masculino\u201d, argument\u00f3 durante el turno de preguntas, levantado una ovaci\u00f3n del p\u00fablico.<\/p>\n<p>Por su parte, la coordinadora general del f\u00fatbol femenino del Valencia CF, Marina Gassent, defendi\u00f3 que tener una presidenta mujer en su club (en referencia a Lay Hoon Chan) \u201cayuda, siempre ayuda, pero hay que tener en cuenta que en el Valencia CF se llevan haciendo las cosas bien durante muchos a\u00f1os, incluso desde antes que llegase la nueva estructura, y hemos estado siempre rodeados tambi\u00e9n de hombres que nos han apoyado fielmente tanto como ahora lo hace la presidenta\u201d. La cantera del club che cuenta en la actualidad con once equipos femeninos \u201cgracias a que muchas personas se desviven cada d\u00eda por su trabajo y el club camina unido en la misma direcci\u00f3n\u201d. Rosa Castillo represent\u00f3 al Levante UD. La exjugadora (que se retir\u00f3 en 2009 tras haber sumado tres t\u00edtulos de liga, seis de copa y casi sesenta internacionalidades con Espa\u00f1a) dijo que el f\u00fatbol femenino \u201cengancha\u201d y que las mujeres que han intentado desde hace a\u00f1os jugar al f\u00fatbol \u201csimplemente estaban buscando ser felices haciendo lo que nos gustaba\u201d. Subray\u00f3 que el Levante UD fue pionero en la apuesta por las mujeres \u201ccuando muchos otros clubes estaban dormidos\u201d y que el COTIF \u201crepresenta un torneo perfecto enclavado en plena preparaci\u00f3n y que permite ensamblar a las nuevas incorporaciones y conocer el nivel adquirido contra equipos internacionales\u201d. Por \u00faltimo defendi\u00f3 que la mujer \u201cdebe ser la primera en creer en s\u00ed misma y en que va a ser futbolista\u201d.<\/p>\n<p>El COTIF quiso dar protagonismo tambi\u00e9n a la mujer vinculada al mundo arbitral y para ello estuvo presente Tatiana Comino, una de las referencias del arbitraje valenciano. La colegiada de Preferente ha llegado a pitar partidos internacionales y arguy\u00f3 que: \u201cSi te gusta, es complicado, pero es bonito. Al principio es m\u00e1s dif\u00edcil pero cuando ganas confianza empiezas a disfrutar y cuando demuestras tu val\u00eda empiezan a respetarte. Vale la pena pasar por los insultos y los desagravios\u201d, dijo en referencia a situaciones desagradables que siguen vivi\u00e9ndose en los terrenos de juego.<\/p>\n<p>Los diferentes integrantes de la mesa tambi\u00e9n defendieron que lo adecuado es que el f\u00fatbol femenino (que destacaron como m\u00e1s \u201cnoble\u201d) apueste por el f\u00fatbol de toque y vistoso para as\u00ed captar la atenci\u00f3n del aficionado. Aprovecharon para promocionar el partido que el Valencia y el Levante disputar\u00e1n el pr\u00f3ximo d\u00eda 23 de abril en Mestalla, con entrada gratuita y con las primeras posiciones de la liga en juego. Tras la mesa se sortearon camisetas de todos los equipos presentes y los representantes firmaron en el libro de honor del COTIF y recibieron la insignia de oro del torneo. Asistieron representantes de la Federaci\u00f3n Valenciana de F\u00fatbol, as\u00ed como integrantes de cuerpos t\u00e9cnicos y jugadoras de clubes de las tres provincias valencianas.<\/p>\n","protected":false},"excerpt":{"rendered":"<div class=\"mh-excerpt\">El torneo de l\u2019Alc\u00fadia re\u00fane en una mesa redonda, a la que asisten cientos de personas, al seleccionador espa\u00f1ol, el entrenador del Atl\u00e9tico de Madrid, las coordinadoras deportivas del Levante UD y Valencia CF y <a class=\"mh-excerpt-more\" href=\"https:\/\/www.tucomarca.com\/wordpress\/segunda\/el-mundo-del-futbol-reclama-en-el-cotif-igualdad-para-la-mujer\/\" title=\"El mundo del f\u00fatbol reclama en el COTIF igualdad para la mujer\">[+] <\/a><\/div>\n","protected":false},"author":1,"featured_media":55466,"comment_status":"open","ping_status":"open","sticky":false,"template":"","format":"standard","meta":{"footnotes":""},"categories":[50,6,292,42,3,45],"tags":[10463,3640],"class_list":{"0":"post-55465","1":"post","2":"type-post","3":"status-publish","4":"format-standard","5":"has-post-thumbnail","7":"category-futbol-deportes","8":"category-deportes","9":"category-lalcudia","10":"category-la-ribera","11":"category-seccion","12":"category-ventana","13":"tag-lalcudia","14":"tag-la-ribera-alta"},"_links":{"self":[{"href":"https:\/\/www.tucomarca.com\/wordpress\/segunda\/wp-json\/wp\/v2\/posts\/55465","targetHints":{"allow":["GET"]}}],"collection":[{"href":"https:\/\/www.tucomarca.com\/wordpress\/segunda\/wp-json\/wp\/v2\/posts"}],"about":[{"href":"https:\/\/www.tucomarca.com\/wordpress\/segunda\/wp-json\/wp\/v2\/types\/post"}],"author":[{"embeddable":true,"href":"https:\/\/www.tucomarca.com\/wordpress\/segunda\/wp-json\/wp\/v2\/users\/1"}],"replies":[{"embeddable":true,"href":"https:\/\/www.tucomarca.com\/wordpress\/segunda\/wp-json\/wp\/v2\/comments?post=55465"}],"version-history":[{"count":0,"href":"https:\/\/www.tucomarca.com\/wordpress\/segunda\/wp-json\/wp\/v2\/posts\/55465\/revisions"}],"wp:featuredmedia":[{"embeddable":true,"href":"https:\/\/www.tucomarca.com\/wordpress\/segunda\/wp-json\/wp\/v2\/media\/55466"}],"wp:attachment":[{"href":"https:\/\/www.tucomarca.com\/wordpress\/segunda\/wp-json\/wp\/v2\/media?parent=55465"}],"wp:term":[{"taxonomy":"category","embeddable":true,"href":"https:\/\/www.tucomarca.com\/wordpress\/segunda\/wp-json\/wp\/v2\/categories?post=55465"},{"taxonomy":"post_tag","embeddable":true,"href":"https:\/\/www.tucomarca.com\/wordpress\/segunda\/wp-json\/wp\/v2\/tags?post=55465"}],"curies":[{"name":"wp","href":"https:\/\/api.w.org\/{rel}","templated":true}]}}