{"id":55480,"date":"2017-04-02T18:51:46","date_gmt":"2017-04-02T16:51:46","guid":{"rendered":"http:\/\/www.tucomarca.com\/wordpress\/segunda\/?p=55480"},"modified":"2017-04-02T18:51:46","modified_gmt":"2017-04-02T16:51:46","slug":"set-obres-seleccionades-en-les-inversions-participatives-de-la-pobla","status":"publish","type":"post","link":"https:\/\/www.tucomarca.com\/wordpress\/segunda\/set-obres-seleccionades-en-les-inversions-participatives-de-la-pobla\/","title":{"rendered":"Set obres seleccionades en les Inversions Participatives de La Pobla"},"content":{"rendered":"<figure id=\"attachment_55481\" aria-describedby=\"caption-attachment-55481\" style=\"width: 300px\" class=\"wp-caption alignleft\"><a href=\"https:\/\/www.tucomarca.com\/wordpress\/segunda\/wp-content\/uploads\/2017\/04\/LaPoblapressupost.jpg\"><img loading=\"lazy\" decoding=\"async\" class=\"size-medium wp-image-55481\" src=\"https:\/\/www.tucomarca.com\/wordpress\/segunda\/wp-content\/uploads\/2017\/04\/LaPoblapressupost-300x210.jpg\" alt=\"Un total de set obres han sigut seleccionades en les Inversions Participatives.\" width=\"300\" height=\"210\" srcset=\"https:\/\/www.tucomarca.com\/wordpress\/segunda\/wp-content\/uploads\/2017\/04\/LaPoblapressupost-300x210.jpg 300w, https:\/\/www.tucomarca.com\/wordpress\/segunda\/wp-content\/uploads\/2017\/04\/LaPoblapressupost-768x537.jpg 768w, https:\/\/www.tucomarca.com\/wordpress\/segunda\/wp-content\/uploads\/2017\/04\/LaPoblapressupost-1024x715.jpg 1024w\" sizes=\"auto, (max-width: 300px) 100vw, 300px\" \/><\/a><figcaption id=\"caption-attachment-55481\" class=\"wp-caption-text\"><em>Un total de set obres han sigut seleccionades en les Inversions Participatives.<\/em><\/figcaption><\/figure>\n<p>Els parcs canins, millores en els parcs existents i el condicionament de carrers han estat les principals peticions dels ve\u00efns en els pressupostos participatius. L&#8217;Ajuntament de la Pobla ha presentat les obres que han estat seleccionades dins la Consulta Ciutadana d&#8217;Inversions Participatives.<\/p>\n<p>A estes inversions s&#8217;han destinat 132,000 euros. El municipi s&#8217;ha dividit en 7 zones a les quals s&#8217;ha dedicat una partida pressupost\u00e0ria espec\u00edfica en funci\u00f3 de l&#8217;IBI que aporten a les arques p\u00fabliques.<\/p>\n<p>En el nucli urb\u00e0, l&#8217;obra m\u00e9s demanada en la zona nord-est ha estat un parc per a gossos al costat de la ronda nord. En la zona est, la petici\u00f3 amb m\u00e9s vots ha estat la de substituir els arbres de la pla\u00e7a de l&#8217;antiga b\u00e0scula per altres que facen m\u00e9s ombra i en la zona sud el reasfaltatge i ampliar les voreres del carrer del Pilar.<\/p>\n<p>Pel que fa a les zones residencials, en la zona sud el projecte m\u00e9s votat ha estat la construcci\u00f3 d&#8217;un parc can\u00ed en la urbanitzaci\u00f3 Cap de l&#8217;Horta. En la zona est, la principal demanda dels ve\u00efns passa per la millora en senyalitzaci\u00f3 i seguretat de l&#8217;acc\u00e9s a la urbanitzaci\u00f3 la Sima. Per la seua part, en el sector nord s&#8217;ha prioritzat formigonar els carrers sense asfaltar a la urbanitzaci\u00f3 Els Racons. Per \u00faltim en la zona oest, els ve\u00efns han escollit una pista multiactivitats en la urbanitzaci\u00f3 Montecolorado.<\/p>\n<p>Finalitzat el proc\u00e9s de consulta, ara l\u2019Ajuntament ha d\u2019elaborar la redacci\u00f3 dels projectes i licitar les obres. El comprom\u00eds del consistori \u00e9s executar-les dins els pressupostos de 2017, per la qual cosa les inversions estaran fetes abans que s\u2019acabe l\u2019any.<\/p>\n<p>El regidor de Participaci\u00f3 Ciutadana, Javier Descalzo, ha valorat l&#8217;experi\u00e8ncia dels primers pressupostos participatius que engega el municipi. Descalzo ha destacat que \u201chan participat totes les associacions de ve\u00efns i moltes entitats socials i inicialment es van presentar m\u00e9s d&#8217;un centenar de propostes. Estem satisfets amb la participaci\u00f3 que esperem que cresca en futurs anys. \u00c9s important que entre tots i totes ens impliquem i aix\u00ed augmentar el grau de corresponsabilitat de ve\u00efns i govern municipal\u201d.<\/p>\n","protected":false},"excerpt":{"rendered":"<div class=\"mh-excerpt\">Els parcs canins, millores en els parcs existents i el condicionament de carrers han estat les principals peticions dels ve\u00efns en els pressupostos participatius. L&#8217;Ajuntament de la Pobla ha presentat les obres que han estat <a class=\"mh-excerpt-more\" href=\"https:\/\/www.tucomarca.com\/wordpress\/segunda\/set-obres-seleccionades-en-les-inversions-participatives-de-la-pobla\/\" title=\"Set obres seleccionades en les Inversions Participatives de La Pobla\">[+] <\/a><\/div>\n","protected":false},"author":1,"featured_media":55481,"comment_status":"open","ping_status":"open","sticky":false,"template":"","format":"standard","meta":{"footnotes":""},"categories":[46,8,174,142,3,45],"tags":[10395,10430],"class_list":{"0":"post-55480","1":"post","2":"type-post","3":"status-publish","4":"format-standard","5":"has-post-thumbnail","7":"category-camp-de-turia","8":"category-la-comarca","9":"category-la-pobla","10":"category-politica-la-comarca","11":"category-seccion","12":"category-ventana","13":"tag-camp-de-turia","14":"tag-la-pobla"},"_links":{"self":[{"href":"https:\/\/www.tucomarca.com\/wordpress\/segunda\/wp-json\/wp\/v2\/posts\/55480","targetHints":{"allow":["GET"]}}],"collection":[{"href":"https:\/\/www.tucomarca.com\/wordpress\/segunda\/wp-json\/wp\/v2\/posts"}],"about":[{"href":"https:\/\/www.tucomarca.com\/wordpress\/segunda\/wp-json\/wp\/v2\/types\/post"}],"author":[{"embeddable":true,"href":"https:\/\/www.tucomarca.com\/wordpress\/segunda\/wp-json\/wp\/v2\/users\/1"}],"replies":[{"embeddable":true,"href":"https:\/\/www.tucomarca.com\/wordpress\/segunda\/wp-json\/wp\/v2\/comments?post=55480"}],"version-history":[{"count":0,"href":"https:\/\/www.tucomarca.com\/wordpress\/segunda\/wp-json\/wp\/v2\/posts\/55480\/revisions"}],"wp:featuredmedia":[{"embeddable":true,"href":"https:\/\/www.tucomarca.com\/wordpress\/segunda\/wp-json\/wp\/v2\/media\/55481"}],"wp:attachment":[{"href":"https:\/\/www.tucomarca.com\/wordpress\/segunda\/wp-json\/wp\/v2\/media?parent=55480"}],"wp:term":[{"taxonomy":"category","embeddable":true,"href":"https:\/\/www.tucomarca.com\/wordpress\/segunda\/wp-json\/wp\/v2\/categories?post=55480"},{"taxonomy":"post_tag","embeddable":true,"href":"https:\/\/www.tucomarca.com\/wordpress\/segunda\/wp-json\/wp\/v2\/tags?post=55480"}],"curies":[{"name":"wp","href":"https:\/\/api.w.org\/{rel}","templated":true}]}}