{"id":55503,"date":"2017-04-02T19:59:27","date_gmt":"2017-04-02T17:59:27","guid":{"rendered":"http:\/\/www.tucomarca.com\/wordpress\/segunda\/?p=55503"},"modified":"2017-04-02T19:59:27","modified_gmt":"2017-04-02T17:59:27","slug":"diputacio-i-mancomunitat-de-la-ribera-alta-col%c2%b7laboren-en-la-realitzacio-dun-taller-formatiu-orientat-a-la-gestio-dels-portals-municipals","status":"publish","type":"post","link":"https:\/\/www.tucomarca.com\/wordpress\/segunda\/diputacio-i-mancomunitat-de-la-ribera-alta-col%c2%b7laboren-en-la-realitzacio-dun-taller-formatiu-orientat-a-la-gestio-dels-portals-municipals\/","title":{"rendered":"Diputaci\u00f3 i Mancomunitat de la Ribera Alta col\u00b7laboren en la realitzaci\u00f3 d\u2019un taller formatiu orientat a la gesti\u00f3 dels portals municipals"},"content":{"rendered":"<figure id=\"attachment_55506\" aria-describedby=\"caption-attachment-55506\" style=\"width: 300px\" class=\"wp-caption alignleft\"><a href=\"https:\/\/www.tucomarca.com\/wordpress\/segunda\/wp-content\/uploads\/2017\/04\/LaRibera.jpg\"><img loading=\"lazy\" decoding=\"async\" class=\"size-medium wp-image-55506\" src=\"https:\/\/www.tucomarca.com\/wordpress\/segunda\/wp-content\/uploads\/2017\/04\/LaRibera-300x169.jpg\" alt=\"La Diputaci\u00f3 de Val\u00e8ncia sufragar\u00e0 un professor encarregat d\u2019aportar als participants nocions en la gesti\u00f3 de la plataforma de Portals municipals.\" width=\"300\" height=\"169\" srcset=\"https:\/\/www.tucomarca.com\/wordpress\/segunda\/wp-content\/uploads\/2017\/04\/LaRibera-300x169.jpg 300w, https:\/\/www.tucomarca.com\/wordpress\/segunda\/wp-content\/uploads\/2017\/04\/LaRibera-768x432.jpg 768w, https:\/\/www.tucomarca.com\/wordpress\/segunda\/wp-content\/uploads\/2017\/04\/LaRibera-1024x576.jpg 1024w, https:\/\/www.tucomarca.com\/wordpress\/segunda\/wp-content\/uploads\/2017\/04\/LaRibera.jpg 1600w\" sizes=\"auto, (max-width: 300px) 100vw, 300px\" \/><\/a><figcaption id=\"caption-attachment-55506\" class=\"wp-caption-text\">La Diputaci\u00f3 de Val\u00e8ncia sufragar\u00e0 un professor encarregat d\u2019aportar als participants nocions en la gesti\u00f3 de la plataforma de Portals municipals.<\/figcaption><\/figure>\n<p>L&#8217;\u00c0rea de Modernitzaci\u00f3 i Administraci\u00f3 Electr\u00f2nica de la Diputaci\u00f3 de Val\u00e8nciai la Mancomunitat de Municipis de la Ribera Alta han establert un marc de col\u00b7laboraci\u00f3 per a la realitzaci\u00f3 d\u2019un taller formatiu d\u2019ocupaci\u00f3 vinculat a la gesti\u00f3 de la plataforma\u00a0<em>Portals municipals,<\/em>\u00a0que impulsa la mateixa corporaci\u00f3 provincial. Aix\u00ed s\u2019ha acordat durant la reuni\u00f3 de treball mantinguda pel diputat de Modernitzaci\u00f3, Ivan Mart\u00ed, amb el president de la Mancomunitat, Txema Pel\u00e1ez, i el gerent d\u2019aquesta mateixa entitat.<\/p>\n<p>En concret, la Diputaci\u00f3 de Val\u00e8ncia sufragar\u00e0 un professor encarregat d\u2019aportar als participants nocions en la gesti\u00f3 de la plataforma de\u00a0<em>Portals municipals,<\/em>\u00a0i que comptar\u00e0 amb el suport de l\u2019oficina del projecte durant el per\u00edode de duraci\u00f3 del curs. El taller s\u2019impartir\u00e0 al voltant de sis sessions, que es desenvoluparan entre finals del mes d\u2019abril i principis de maig. Amb aquesta proposta es pret\u00e9n capacitar els participants en el taller en l\u2019\u00e0mbit de la gesti\u00f3 i l\u2019administraci\u00f3 dels portals webs municipals adherits al projecte impulsat per la mateixa Diputaci\u00f3 de Val\u00e8ncia.<\/p>\n<p>El diputat de Modernitzaci\u00f3, Ivan Mart\u00ed, ha destacat que aquesta \u00abconstitueix la primera col\u00b7laboraci\u00f3 de car\u00e0cter formatiu que establim amb les Mancomunitats de Municipis adre\u00e7at a la familiaritzaci\u00f3 i \u00fas de la plataforma\u00a0<em>Portals municipals<\/em>\u00bb, encara que ha avan\u00e7at \u00abla nostra absoluta disposici\u00f3 a poder ampliar en el curt i mitj\u00e0 termini aquest treball formatiu conjunt amb la resta de municipis i comarques de la demarcaci\u00f3 de Val\u00e8ncia\u00bb, ha indicat.<\/p>\n<p>Aix\u00ed mateix, Ivan Mart\u00ed ha incidit en que des del departament que dirigeix \u00ab\u00e9s una de les nostres prioritats invertir en la modernitzaci\u00f3 dels ajuntaments, i per aconseguir-ho no solament resulta imprescindible disposar dels recursos t\u00e8cnics i dels equips necessaris, sin\u00f3 tamb\u00e9 d\u2019un capital hum\u00e0 qualificat i coneixedor de les possibilitats que atorguen les eines inform\u00e0tiques per poder emprar-les d\u2019una forma m\u00e9s efica\u00e7 i millorar la qualitat dels serveis que es presten a la ciutadania\u00bb, ha apuntat.<\/p>\n<p>El diputat tamb\u00e9 ha assenyalat que mitjan\u00e7ant aquest tipus d\u2019iniciatives formatives \u00abaconseguim donar un pas m\u00e9s en el proc\u00e9s de modernitzaci\u00f3 que estem portant a terme des de la Diputaci\u00f3, i que t\u00e9 per objectiu respondre a les necessitats de la societat actual\u00bb, ha concl\u00f2s.<\/p>\n","protected":false},"excerpt":{"rendered":"<div class=\"mh-excerpt\">L&#8217;\u00c0rea de Modernitzaci\u00f3 i Administraci\u00f3 Electr\u00f2nica de la Diputaci\u00f3 de Val\u00e8nciai la Mancomunitat de Municipis de la Ribera Alta han establert un marc de col\u00b7laboraci\u00f3 per a la realitzaci\u00f3 d\u2019un taller formatiu d\u2019ocupaci\u00f3 vinculat a <a class=\"mh-excerpt-more\" href=\"https:\/\/www.tucomarca.com\/wordpress\/segunda\/diputacio-i-mancomunitat-de-la-ribera-alta-col%c2%b7laboren-en-la-realitzacio-dun-taller-formatiu-orientat-a-la-gestio-dels-portals-municipals\/\" title=\"Diputaci\u00f3 i Mancomunitat de la Ribera Alta col\u00b7laboren en la realitzaci\u00f3 d\u2019un taller formatiu orientat a la gesti\u00f3 dels portals municipals\">[+] <\/a><\/div>\n","protected":false},"author":1,"featured_media":55506,"comment_status":"open","ping_status":"open","sticky":false,"template":"","format":"standard","meta":{"footnotes":""},"categories":[128,8,72,42,3,45],"tags":[689,3640,1838],"class_list":{"0":"post-55503","1":"post","2":"type-post","3":"status-publish","4":"format-standard","5":"has-post-thumbnail","7":"category-infraestructuras","8":"category-la-comarca","9":"category-sin-categorizar","10":"category-la-ribera","11":"category-seccion","12":"category-ventana","13":"tag-la-ribera-2","14":"tag-la-ribera-alta","15":"tag-mancomunitat"},"_links":{"self":[{"href":"https:\/\/www.tucomarca.com\/wordpress\/segunda\/wp-json\/wp\/v2\/posts\/55503","targetHints":{"allow":["GET"]}}],"collection":[{"href":"https:\/\/www.tucomarca.com\/wordpress\/segunda\/wp-json\/wp\/v2\/posts"}],"about":[{"href":"https:\/\/www.tucomarca.com\/wordpress\/segunda\/wp-json\/wp\/v2\/types\/post"}],"author":[{"embeddable":true,"href":"https:\/\/www.tucomarca.com\/wordpress\/segunda\/wp-json\/wp\/v2\/users\/1"}],"replies":[{"embeddable":true,"href":"https:\/\/www.tucomarca.com\/wordpress\/segunda\/wp-json\/wp\/v2\/comments?post=55503"}],"version-history":[{"count":0,"href":"https:\/\/www.tucomarca.com\/wordpress\/segunda\/wp-json\/wp\/v2\/posts\/55503\/revisions"}],"wp:featuredmedia":[{"embeddable":true,"href":"https:\/\/www.tucomarca.com\/wordpress\/segunda\/wp-json\/wp\/v2\/media\/55506"}],"wp:attachment":[{"href":"https:\/\/www.tucomarca.com\/wordpress\/segunda\/wp-json\/wp\/v2\/media?parent=55503"}],"wp:term":[{"taxonomy":"category","embeddable":true,"href":"https:\/\/www.tucomarca.com\/wordpress\/segunda\/wp-json\/wp\/v2\/categories?post=55503"},{"taxonomy":"post_tag","embeddable":true,"href":"https:\/\/www.tucomarca.com\/wordpress\/segunda\/wp-json\/wp\/v2\/tags?post=55503"}],"curies":[{"name":"wp","href":"https:\/\/api.w.org\/{rel}","templated":true}]}}