{"id":55556,"date":"2017-04-02T22:40:24","date_gmt":"2017-04-02T20:40:24","guid":{"rendered":"http:\/\/www.tucomarca.com\/wordpress\/segunda\/?p=55556"},"modified":"2017-04-03T02:45:02","modified_gmt":"2017-04-03T00:45:02","slug":"video-entrevista-al-presidente-del-cim-la-armonica-oscar-fernandez-en-la-presentacion-de-a-tres-bandas","status":"publish","type":"post","link":"https:\/\/www.tucomarca.com\/wordpress\/segunda\/video-entrevista-al-presidente-del-cim-la-armonica-oscar-fernandez-en-la-presentacion-de-a-tres-bandas\/","title":{"rendered":"V\u00eddeo: Entrevista al presidente del CIM \u00abLa Arm\u00f3nica\u00bb, \u00d3scar Fern\u00e1ndez, en la presentaci\u00f3n de \u00abA tres bandas\u00bb"},"content":{"rendered":"<h3>V\u00eddeo entrevista al presidente del CIM \u00abLa Arm\u00f3nica\u00bb de Bu\u00f1ol, \u00d3scar Fern\u00e1ndez, durante la presentaci\u00f3n del proyecto musical \u00abA tres bandas\u00bb en el que participan las dos sociedades de la localidad: el CIM \u00abLa Arm\u00f3nica\u00bb y la SM \u00abLa Art\u00edstica\u00bb.<\/h3>\n","protected":false},"excerpt":{"rendered":"<div class=\"mh-excerpt\">V\u00eddeo entrevista al presidente del CIM \u00abLa Arm\u00f3nica\u00bb de Bu\u00f1ol, \u00d3scar Fern\u00e1ndez, durante la presentaci\u00f3n del proyecto musical \u00abA tres bandas\u00bb en el que participan las dos sociedades de la localidad: el CIM \u00abLa Arm\u00f3nica\u00bb <a class=\"mh-excerpt-more\" href=\"https:\/\/www.tucomarca.com\/wordpress\/segunda\/video-entrevista-al-presidente-del-cim-la-armonica-oscar-fernandez-en-la-presentacion-de-a-tres-bandas\/\" title=\"V\u00eddeo: Entrevista al presidente del CIM \u00abLa Arm\u00f3nica\u00bb, \u00d3scar Fern\u00e1ndez, en la presentaci\u00f3n de \u00abA tres bandas\u00bb\">[+] <\/a><\/div>\n","protected":false},"author":1,"featured_media":0,"comment_status":"open","ping_status":"open","sticky":false,"template":"","format":"standard","meta":{"footnotes":""},"categories":[18,66,10,7,3,26],"tags":[10385,67,5952],"class_list":{"0":"post-55556","1":"post","2":"type-post","3":"status-publish","4":"format-standard","6":"category-bunol","7":"category-musica","8":"category-la-hoya","9":"category-ocio-y-cultura","10":"category-seccion","11":"category-video","12":"tag-bunol","13":"tag-la-armonica","14":"tag-la-hoya-de-bunol-chiva"},"_links":{"self":[{"href":"https:\/\/www.tucomarca.com\/wordpress\/segunda\/wp-json\/wp\/v2\/posts\/55556","targetHints":{"allow":["GET"]}}],"collection":[{"href":"https:\/\/www.tucomarca.com\/wordpress\/segunda\/wp-json\/wp\/v2\/posts"}],"about":[{"href":"https:\/\/www.tucomarca.com\/wordpress\/segunda\/wp-json\/wp\/v2\/types\/post"}],"author":[{"embeddable":true,"href":"https:\/\/www.tucomarca.com\/wordpress\/segunda\/wp-json\/wp\/v2\/users\/1"}],"replies":[{"embeddable":true,"href":"https:\/\/www.tucomarca.com\/wordpress\/segunda\/wp-json\/wp\/v2\/comments?post=55556"}],"version-history":[{"count":0,"href":"https:\/\/www.tucomarca.com\/wordpress\/segunda\/wp-json\/wp\/v2\/posts\/55556\/revisions"}],"wp:attachment":[{"href":"https:\/\/www.tucomarca.com\/wordpress\/segunda\/wp-json\/wp\/v2\/media?parent=55556"}],"wp:term":[{"taxonomy":"category","embeddable":true,"href":"https:\/\/www.tucomarca.com\/wordpress\/segunda\/wp-json\/wp\/v2\/categories?post=55556"},{"taxonomy":"post_tag","embeddable":true,"href":"https:\/\/www.tucomarca.com\/wordpress\/segunda\/wp-json\/wp\/v2\/tags?post=55556"}],"curies":[{"name":"wp","href":"https:\/\/api.w.org\/{rel}","templated":true}]}}