{"id":55562,"date":"2017-04-03T11:41:47","date_gmt":"2017-04-03T09:41:47","guid":{"rendered":"http:\/\/www.tucomarca.com\/wordpress\/segunda\/?p=55562"},"modified":"2017-04-03T11:41:47","modified_gmt":"2017-04-03T09:41:47","slug":"idees-que-ens-fan-creixer-lema-de-la-candidatura-de-vicente-munoz-a-la-jlf-dalzira","status":"publish","type":"post","link":"https:\/\/www.tucomarca.com\/wordpress\/segunda\/idees-que-ens-fan-creixer-lema-de-la-candidatura-de-vicente-munoz-a-la-jlf-dalzira\/","title":{"rendered":"\u00abIdees que ens fan cr\u00e9ixer\u00bb, lema de la candidatura de Vicente Mu\u00f1oz a la JLF d&#8217;Alzira"},"content":{"rendered":"<p><i>\u00abIdees que ens fan cr\u00e9ixer<\/i>, este lema resumeix les bases del projecte establert per als propers dos anys: experi\u00e8ncia, coneixement, treball, serietat i transpar\u00e8ncia\u00bb, tal com va informar el candidat a la presid\u00e8ncia de la Junta Local Fallea d&#8217;Alzira, Vicente Mu\u00f1oz.<\/p>\n<p>\u00abDespr\u00e9s de huit anys de treball, les Falles d\u2019Alzira continuen essent la meua m\u00e0xima prioritat, he treballat per fer cr\u00e9ixer la seua projecci\u00f3, continuant amb les millores i innovacions que s\u2019han anant incorporant. Presente novament la meua candidatura a Presidente de JLFA amb un nou projecte i rodejat d\u2019un equip de gent amb noves cares, gent veterana, ex-presidents de comissi\u00f3 i molta gent jove il\u00b7lusionada amb este projecte\u00bb com va afetgir.<\/p>\n<p>\u00abEssent la meua \u00faltima candidatura, este nou projecte plasma l\u2019esfor\u00e7 realitzat, on hem aconseguit incrementar la bona imatge de les nostres Falles de cara a l\u2019exterior de la Ciutat, donant-li el lloc que es mereixien. Aix\u00ed com en el marc de la nostra Ciutat fer conviure la festa amb la resta de la poblaci\u00f3. El comprom\u00eds del meu equip i meu. No es altre que continuar millorant la tasca realitzada ja iniciada i on s\u2019ha aconseguit nombrosos reconeixement per a les Falles\u00bb, ha finalizat Vicente Mu\u00f1oz.<\/p>\n","protected":false},"excerpt":{"rendered":"<div class=\"mh-excerpt\">\u00abIdees que ens fan cr\u00e9ixer, este lema resumeix les bases del projecte establert per als propers dos anys: experi\u00e8ncia, coneixement, treball, serietat i transpar\u00e8ncia\u00bb, tal com va informar el candidat a la presid\u00e8ncia de la <a class=\"mh-excerpt-more\" href=\"https:\/\/www.tucomarca.com\/wordpress\/segunda\/idees-que-ens-fan-creixer-lema-de-la-candidatura-de-vicente-munoz-a-la-jlf-dalzira\/\" title=\"\u00abIdees que ens fan cr\u00e9ixer\u00bb, lema de la candidatura de Vicente Mu\u00f1oz a la JLF d&#8217;Alzira\">[+] <\/a><\/div>\n","protected":false},"author":1,"featured_media":0,"comment_status":"open","ping_status":"open","sticky":false,"template":"","format":"standard","meta":{"footnotes":""},"categories":[69,42,5,383,3],"tags":[10402,80,3328,3640,908],"class_list":{"0":"post-55562","1":"post","2":"type-post","3":"status-publish","4":"format-standard","6":"category-alzira","7":"category-la-ribera","8":"category-la-semana-en-imagenes","9":"category-pueblos-en-fiestas","10":"category-seccion","11":"tag-alzira","12":"tag-fallas","13":"tag-falles","14":"tag-la-ribera-alta","15":"tag-tucomarca"},"_links":{"self":[{"href":"https:\/\/www.tucomarca.com\/wordpress\/segunda\/wp-json\/wp\/v2\/posts\/55562","targetHints":{"allow":["GET"]}}],"collection":[{"href":"https:\/\/www.tucomarca.com\/wordpress\/segunda\/wp-json\/wp\/v2\/posts"}],"about":[{"href":"https:\/\/www.tucomarca.com\/wordpress\/segunda\/wp-json\/wp\/v2\/types\/post"}],"author":[{"embeddable":true,"href":"https:\/\/www.tucomarca.com\/wordpress\/segunda\/wp-json\/wp\/v2\/users\/1"}],"replies":[{"embeddable":true,"href":"https:\/\/www.tucomarca.com\/wordpress\/segunda\/wp-json\/wp\/v2\/comments?post=55562"}],"version-history":[{"count":0,"href":"https:\/\/www.tucomarca.com\/wordpress\/segunda\/wp-json\/wp\/v2\/posts\/55562\/revisions"}],"wp:attachment":[{"href":"https:\/\/www.tucomarca.com\/wordpress\/segunda\/wp-json\/wp\/v2\/media?parent=55562"}],"wp:term":[{"taxonomy":"category","embeddable":true,"href":"https:\/\/www.tucomarca.com\/wordpress\/segunda\/wp-json\/wp\/v2\/categories?post=55562"},{"taxonomy":"post_tag","embeddable":true,"href":"https:\/\/www.tucomarca.com\/wordpress\/segunda\/wp-json\/wp\/v2\/tags?post=55562"}],"curies":[{"name":"wp","href":"https:\/\/api.w.org\/{rel}","templated":true}]}}