{"id":55635,"date":"2017-04-04T21:22:48","date_gmt":"2017-04-04T19:22:48","guid":{"rendered":"http:\/\/www.tucomarca.com\/wordpress\/segunda\/?p=55635"},"modified":"2017-04-04T21:22:48","modified_gmt":"2017-04-04T19:22:48","slug":"video-albaes-de-turis-de-las-fallas-2017-al-ayuntamiento-y-a-la-junta-local-fallera","status":"publish","type":"post","link":"https:\/\/www.tucomarca.com\/wordpress\/segunda\/video-albaes-de-turis-de-las-fallas-2017-al-ayuntamiento-y-a-la-junta-local-fallera\/","title":{"rendered":"V\u00eddeo: Albaes de Tur\u00eds de las Fallas 2017 al Ayuntamiento y a la Junta Local Fallera"},"content":{"rendered":"<h3>V\u00eddeo de las albaes de Tur\u00eds de 2017 al Ayuntamiento de la localidad y a los integrantes de la Junta Local Fallera.<\/h3>\n","protected":false},"excerpt":{"rendered":"<div class=\"mh-excerpt\">V\u00eddeo de las albaes de Tur\u00eds de 2017 al Ayuntamiento de la localidad y a los integrantes de la Junta Local Fallera.<\/div>\n","protected":false},"author":1,"featured_media":0,"comment_status":"open","ping_status":"open","sticky":false,"template":"","format":"standard","meta":{"footnotes":""},"categories":[42,5,383,3,43,26],"tags":[10467,10466,80,3640,10394],"class_list":{"0":"post-55635","1":"post","2":"type-post","3":"status-publish","4":"format-standard","6":"category-la-ribera","7":"category-la-semana-en-imagenes","8":"category-pueblos-en-fiestas","9":"category-seccion","10":"category-turis","11":"category-video","12":"tag-10467","13":"tag-albaes","14":"tag-fallas","15":"tag-la-ribera-alta","16":"tag-turis"},"_links":{"self":[{"href":"https:\/\/www.tucomarca.com\/wordpress\/segunda\/wp-json\/wp\/v2\/posts\/55635","targetHints":{"allow":["GET"]}}],"collection":[{"href":"https:\/\/www.tucomarca.com\/wordpress\/segunda\/wp-json\/wp\/v2\/posts"}],"about":[{"href":"https:\/\/www.tucomarca.com\/wordpress\/segunda\/wp-json\/wp\/v2\/types\/post"}],"author":[{"embeddable":true,"href":"https:\/\/www.tucomarca.com\/wordpress\/segunda\/wp-json\/wp\/v2\/users\/1"}],"replies":[{"embeddable":true,"href":"https:\/\/www.tucomarca.com\/wordpress\/segunda\/wp-json\/wp\/v2\/comments?post=55635"}],"version-history":[{"count":0,"href":"https:\/\/www.tucomarca.com\/wordpress\/segunda\/wp-json\/wp\/v2\/posts\/55635\/revisions"}],"wp:attachment":[{"href":"https:\/\/www.tucomarca.com\/wordpress\/segunda\/wp-json\/wp\/v2\/media?parent=55635"}],"wp:term":[{"taxonomy":"category","embeddable":true,"href":"https:\/\/www.tucomarca.com\/wordpress\/segunda\/wp-json\/wp\/v2\/categories?post=55635"},{"taxonomy":"post_tag","embeddable":true,"href":"https:\/\/www.tucomarca.com\/wordpress\/segunda\/wp-json\/wp\/v2\/tags?post=55635"}],"curies":[{"name":"wp","href":"https:\/\/api.w.org\/{rel}","templated":true}]}}