{"id":55683,"date":"2017-04-06T22:09:45","date_gmt":"2017-04-06T20:09:45","guid":{"rendered":"http:\/\/www.tucomarca.com\/wordpress\/segunda\/?p=55683"},"modified":"2017-04-06T22:09:45","modified_gmt":"2017-04-06T20:09:45","slug":"josep-bort-apostamos-firmemente-por-los-parajes-naturales-municipales-porque-son-parte-de-nuestra-idiosincrasia-y-potencial-turistico","status":"publish","type":"post","link":"https:\/\/www.tucomarca.com\/wordpress\/segunda\/josep-bort-apostamos-firmemente-por-los-parajes-naturales-municipales-porque-son-parte-de-nuestra-idiosincrasia-y-potencial-turistico\/","title":{"rendered":"Josep Bort: \u00abApostamos firmemente por los Parajes Naturales Municipales porque son parte de nuestra idiosincrasia y potencial tur\u00edstico\u00bb"},"content":{"rendered":"<figure id=\"attachment_55684\" aria-describedby=\"caption-attachment-55684\" style=\"width: 300px\" class=\"wp-caption alignleft\"><a href=\"https:\/\/www.tucomarca.com\/wordpress\/segunda\/wp-content\/uploads\/2017\/04\/BortParatges.jpg\"><img loading=\"lazy\" decoding=\"async\" class=\"size-medium wp-image-55684\" src=\"https:\/\/www.tucomarca.com\/wordpress\/segunda\/wp-content\/uploads\/2017\/04\/BortParatges-300x195.jpg\" alt=\"Josep Bort, Antoni Marzo y Diego G\u00f3mez en la I Jornada sobre Parajes Naturales Municipales.\" width=\"300\" height=\"195\" srcset=\"https:\/\/www.tucomarca.com\/wordpress\/segunda\/wp-content\/uploads\/2017\/04\/BortParatges-300x195.jpg 300w, https:\/\/www.tucomarca.com\/wordpress\/segunda\/wp-content\/uploads\/2017\/04\/BortParatges-768x499.jpg 768w, https:\/\/www.tucomarca.com\/wordpress\/segunda\/wp-content\/uploads\/2017\/04\/BortParatges-1024x665.jpg 1024w\" sizes=\"auto, (max-width: 300px) 100vw, 300px\" \/><\/a><figcaption id=\"caption-attachment-55684\" class=\"wp-caption-text\">Josep Bort, Antoni Marzo y Diego G\u00f3mez en la I Jornada sobre Parajes Naturales Municipales.<\/figcaption><\/figure>\n<p>El diputado de Medio Ambiente, Josep Bort, ha defendido la apuesta de la Diputaci\u00f3n de Valencia por los Parajes Naturales Municipales como \u00abelementos idiosincr\u00e1sicos de nuestro medio natural, cultural y con un elevado potencial tur\u00edstico\u00bb. As\u00ed se ha expresado durante su intervenci\u00f3n en el acto inaugural de la I Jornada de + Parajes Naturales Municipales, celebrada en la Casa de la Cultura de Alzira y organizada por la propia Diputaci\u00f3n de Valencia, la Xarxa de Municipis Valencians Cap a la Sostenibilitat y el Ayuntamiento de Alzira.<\/p>\n<p>Josep Bort ha incidido en que desde el \u00c1rea de Medio Ambiente de la Diputaci\u00f3n de Valencia \u00abestamos fomentando la creaci\u00f3n, el mantenimiento y la conservaci\u00f3n de los Parajes Naturales Municipales\u00bb. En esta l\u00ednea, el diputado ha remarcado \u00abla necesidad, a trav\u00e9s de la Xarxa de Municipis Valencians Cap a la Sostenibilitat, de establecer un consenso que permita articular actuaciones de mejora de forma conjunta\u00bb, dado que los Parajes Naturales Municipales \u00abno s\u00f3lo conforman nuestro entorno natural, sino que forman parte de nuestra cultura, nuestra idiosincrasia y de nuestro potencial tur\u00edstico\u00bb, ha indicado.<\/p>\n<p>El acto de inauguraci\u00f3n de estas jornadas tambi\u00e9n ha contado con la presencia del alcalde de Alzira, Diego G\u00f3mez y del director general del Medio Natural y Evaluaci\u00f3n Ambiental, Antoni Marzo.<\/p>\n<p>Diego G\u00f3mez, ha considerado \u00abnecesario\u00bb efectuar una reflexi\u00f3n en torno al presente y el futuro de los Parajes Naturales Municipales, ya que \u00abactualmente nos debatimos entre una visi\u00f3n muy ecol\u00f3gica y proteccionista y una perspectiva orientada a la apertura de estos entornos, que est\u00e1 acompa\u00f1ada de la contrapartida de desproteger los parajes\u00bb, ha explicado G\u00f3mez. El alcalde de la capital de la Ribera Alta ha coincidido en que los Parajes Naturales Municipales \u00abdeterminan nuestra idiosincrasia como pueblo y la de las personas que viven a su alrededor\u00bb, y a su vez ha recalcado el compromiso de la ciudadan\u00eda de Alzira en proteger su entorno natural. G\u00f3mez ha destacado que el hecho de \u00abvincular los parajes naturales con los municipios constituye una visi\u00f3n de futuro\u00bb, por lo que resulta \u00abmuy importante recuperar el sentido de los parajes naturales, dar a conocer su vitalidad y proyectar una visi\u00f3n de cambio, sostenible y de acuerdo a la realidad del siglo XXI\u00bb.<\/p>\n<p>En \u00faltima instancia, Antoni Marzo ha explicado que corresponde a los Consistorios \u00abproponer los diferentes espacios, de acuerdo con los valores naturales y culturales de los mismos, para que el Consell proceda a su declaraci\u00f3n como Parajes Naturales Municipales\u00bb. El alto cargo del Consell ha defendido que estos entornos naturales, en su conjunto, \u00abforman parte de la Xarxa Valenciana d\u2019Espais Naturals Protegits, la cual ha sufrido un proceso de reversi\u00f3n que estamos tratando de paliar\u00bb. Marzo ha agradecido la iniciativa de la Diputaci\u00f3n de Valencia al convocar esta jornada y el apoyo que est\u00e1 prestando a los Parajes Naturales Municipales \u00aben el marco de una coyuntura donde resulta m\u00e1s necesaria que nunca la colaboraci\u00f3n y coordinaci\u00f3n entre administraciones para la recomposici\u00f3n de la Xarxa Valenciana de Paratges Naturals Municipals\u00bb, ha recalcado.<\/p>\n<p><strong>Ruta teatralizada por La Murta<\/strong><\/p>\n<p>Durante el transcurso de esta jornada ha tenido lugar la presentaci\u00f3n del trabajo\u00a0<em>Els Paratges Naturals Municipals, participaci\u00f3 i conservaci\u00f3 i oportunitats per a un desenvolupament sostenible<\/em>, realizado por el profesor de Gesti\u00f3n de la Conservaci\u00f3n del Medio Natural en la EPA La Malvesia, Federico Llorca, y del Instituto Imedes.<\/p>\n<p>Una parte del programa se ha enfocado a detallar qu\u00e9 tipo de experiencias dinamizadoras se est\u00e1n llevando a cabo en los Parajes Naturales Municipales. Y entre \u00e9stas, destaca la realizaci\u00f3n de una ruta trealitzada por el paraje de La Murta y La Casella, presentada por el concejal de Medio Ambiente en el consistorio de Alzira, Pep Carreres.<\/p>\n<p>El simposio se ha completado con una ponencia sobre\u00a0<em>Accessibilitat del Paratge Natural Municipal dels Rodanes<\/em>,a cargo del t\u00e9cnico de Medio Ambiente de Vilamarxant, Salvador Villalba, adem\u00e1s de abordar las\u00a0<em>Infraestructures d&#8217;\u00fas p\u00fablic en el Paratge Natural Municipal Els Calderons<\/em>, por parte del t\u00e9cnico de Medio Ambiente de Chulilla, Jos\u00e9 Luis Rodrigo.<\/p>\n","protected":false},"excerpt":{"rendered":"<div class=\"mh-excerpt\">El diputado de Medio Ambiente, Josep Bort, ha defendido la apuesta de la Diputaci\u00f3n de Valencia por los Parajes Naturales Municipales como \u00abelementos idiosincr\u00e1sicos de nuestro medio natural, cultural y con un elevado potencial tur\u00edstico\u00bb. <a class=\"mh-excerpt-more\" href=\"https:\/\/www.tucomarca.com\/wordpress\/segunda\/josep-bort-apostamos-firmemente-por-los-parajes-naturales-municipales-porque-son-parte-de-nuestra-idiosincrasia-y-potencial-turistico\/\" title=\"Josep Bort: \u00abApostamos firmemente por los Parajes Naturales Municipales porque son parte de nuestra idiosincrasia y potencial tur\u00edstico\u00bb\">[+] <\/a><\/div>\n","protected":false},"author":1,"featured_media":55684,"comment_status":"open","ping_status":"open","sticky":false,"template":"","format":"standard","meta":{"footnotes":""},"categories":[69,8,42,117,3,45],"tags":[10402,3640],"class_list":{"0":"post-55683","1":"post","2":"type-post","3":"status-publish","4":"format-standard","5":"has-post-thumbnail","7":"category-alzira","8":"category-la-comarca","9":"category-la-ribera","10":"category-medio-ambiente-la-comarca","11":"category-seccion","12":"category-ventana","13":"tag-alzira","14":"tag-la-ribera-alta"},"_links":{"self":[{"href":"https:\/\/www.tucomarca.com\/wordpress\/segunda\/wp-json\/wp\/v2\/posts\/55683","targetHints":{"allow":["GET"]}}],"collection":[{"href":"https:\/\/www.tucomarca.com\/wordpress\/segunda\/wp-json\/wp\/v2\/posts"}],"about":[{"href":"https:\/\/www.tucomarca.com\/wordpress\/segunda\/wp-json\/wp\/v2\/types\/post"}],"author":[{"embeddable":true,"href":"https:\/\/www.tucomarca.com\/wordpress\/segunda\/wp-json\/wp\/v2\/users\/1"}],"replies":[{"embeddable":true,"href":"https:\/\/www.tucomarca.com\/wordpress\/segunda\/wp-json\/wp\/v2\/comments?post=55683"}],"version-history":[{"count":0,"href":"https:\/\/www.tucomarca.com\/wordpress\/segunda\/wp-json\/wp\/v2\/posts\/55683\/revisions"}],"wp:featuredmedia":[{"embeddable":true,"href":"https:\/\/www.tucomarca.com\/wordpress\/segunda\/wp-json\/wp\/v2\/media\/55684"}],"wp:attachment":[{"href":"https:\/\/www.tucomarca.com\/wordpress\/segunda\/wp-json\/wp\/v2\/media?parent=55683"}],"wp:term":[{"taxonomy":"category","embeddable":true,"href":"https:\/\/www.tucomarca.com\/wordpress\/segunda\/wp-json\/wp\/v2\/categories?post=55683"},{"taxonomy":"post_tag","embeddable":true,"href":"https:\/\/www.tucomarca.com\/wordpress\/segunda\/wp-json\/wp\/v2\/tags?post=55683"}],"curies":[{"name":"wp","href":"https:\/\/api.w.org\/{rel}","templated":true}]}}