{"id":55686,"date":"2017-04-06T22:08:13","date_gmt":"2017-04-06T20:08:13","guid":{"rendered":"http:\/\/www.tucomarca.com\/wordpress\/segunda\/?p=55686"},"modified":"2017-04-06T22:08:13","modified_gmt":"2017-04-06T20:08:13","slug":"la-asociacion-de-comerciantes-y-profesionales-de-vilamarxant-ya-dispone-de-un-nuevo-despacho","status":"publish","type":"post","link":"https:\/\/www.tucomarca.com\/wordpress\/segunda\/la-asociacion-de-comerciantes-y-profesionales-de-vilamarxant-ya-dispone-de-un-nuevo-despacho\/","title":{"rendered":"La Asociaci\u00f3n de Comerciantes y Profesionales de Vilamarxant ya dispone de un nuevo despacho"},"content":{"rendered":"<figure id=\"attachment_55687\" aria-describedby=\"caption-attachment-55687\" style=\"width: 300px\" class=\"wp-caption alignleft\"><a href=\"https:\/\/www.tucomarca.com\/wordpress\/segunda\/wp-content\/uploads\/2017\/04\/Vilamarxantoficines.jpg\"><img loading=\"lazy\" decoding=\"async\" class=\"size-medium wp-image-55687\" src=\"https:\/\/www.tucomarca.com\/wordpress\/segunda\/wp-content\/uploads\/2017\/04\/Vilamarxantoficines-300x200.jpg\" alt=\"El Ayuntamiento ha finalizado las tareas de acondicionamiento de la segunda planta del edificio de la Polic\u00eda Local, habilitada para zona de reuniones.\" width=\"300\" height=\"200\" srcset=\"https:\/\/www.tucomarca.com\/wordpress\/segunda\/wp-content\/uploads\/2017\/04\/Vilamarxantoficines-300x200.jpg 300w, https:\/\/www.tucomarca.com\/wordpress\/segunda\/wp-content\/uploads\/2017\/04\/Vilamarxantoficines-768x512.jpg 768w, https:\/\/www.tucomarca.com\/wordpress\/segunda\/wp-content\/uploads\/2017\/04\/Vilamarxantoficines-1024x683.jpg 1024w\" sizes=\"auto, (max-width: 300px) 100vw, 300px\" \/><\/a><figcaption id=\"caption-attachment-55687\" class=\"wp-caption-text\">El Ayuntamiento ha finalizado las tareas de acondicionamiento de la segunda planta del edificio de la Polic\u00eda Local, habilitada para zona de reuniones.<\/figcaption><\/figure>\n<p>Una nueva sala de reuniones y dos despachos propios. Son las actuaciones realizadas en la segunda planta del edificio de la Polic\u00eda Local para un mejor aprovechamiento de unas instalaciones que hab\u00edan quedado inutilizadas.<\/p>\n<p>Tras las labores acondicionamiento de la planta y la restituci\u00f3n del mobiliario, ayer se hac\u00eda efectiva la entrega de uno de los despacho a la Asociaci\u00f3n de Comerciantes y Profesionales (ACPV), que ya cuenta con un lugar adecuado para la el desempe\u00f1o de sus actividades y asambleas.<\/p>\n<p>Con motivo de la jornada formativa que se desarroll\u00f3 ayer mi\u00e9rcoles, 5 de abril, y en la que se trataron las cuestiones t\u00e9cnicas sobre el sistema de aplicaci\u00f3n de descuentos a trav\u00e9s de la Tarjeta Ciudadana, la ACPV ya tom\u00f3 posesi\u00f3n de su espacio de trabajo.<\/p>\n<p>El otro de los despachos ser\u00e1 para la Comunidad de Agricultores, que pr\u00f3ximamente recibir\u00e1 de forma oficial este espacio de atenci\u00f3n ciudadana y reuni\u00f3n.<\/p>\n<p>Con esta remodelaci\u00f3n se cubre una demanda hist\u00f3rica de los principales colectivos de Vilamarxant, facilitando la actividad que todas estas agrupaciones realizan por la localidad.<\/p>\n","protected":false},"excerpt":{"rendered":"<div class=\"mh-excerpt\">Una nueva sala de reuniones y dos despachos propios. Son las actuaciones realizadas en la segunda planta del edificio de la Polic\u00eda Local para un mejor aprovechamiento de unas instalaciones que hab\u00edan quedado inutilizadas. Tras <a class=\"mh-excerpt-more\" href=\"https:\/\/www.tucomarca.com\/wordpress\/segunda\/la-asociacion-de-comerciantes-y-profesionales-de-vilamarxant-ya-dispone-de-un-nuevo-despacho\/\" title=\"La Asociaci\u00f3n de Comerciantes y Profesionales de Vilamarxant ya dispone de un nuevo despacho\">[+] <\/a><\/div>\n","protected":false},"author":1,"featured_media":55687,"comment_status":"open","ping_status":"open","sticky":false,"template":"","format":"standard","meta":{"footnotes":""},"categories":[46,128,8,3,184],"tags":[10481,10439],"class_list":{"0":"post-55686","1":"post","2":"type-post","3":"status-publish","4":"format-standard","5":"has-post-thumbnail","7":"category-camp-de-turia","8":"category-infraestructuras","9":"category-la-comarca","10":"category-seccion","11":"category-vilamarxant","12":"tag-campa-de-turia","13":"tag-vilamarxant"},"_links":{"self":[{"href":"https:\/\/www.tucomarca.com\/wordpress\/segunda\/wp-json\/wp\/v2\/posts\/55686","targetHints":{"allow":["GET"]}}],"collection":[{"href":"https:\/\/www.tucomarca.com\/wordpress\/segunda\/wp-json\/wp\/v2\/posts"}],"about":[{"href":"https:\/\/www.tucomarca.com\/wordpress\/segunda\/wp-json\/wp\/v2\/types\/post"}],"author":[{"embeddable":true,"href":"https:\/\/www.tucomarca.com\/wordpress\/segunda\/wp-json\/wp\/v2\/users\/1"}],"replies":[{"embeddable":true,"href":"https:\/\/www.tucomarca.com\/wordpress\/segunda\/wp-json\/wp\/v2\/comments?post=55686"}],"version-history":[{"count":0,"href":"https:\/\/www.tucomarca.com\/wordpress\/segunda\/wp-json\/wp\/v2\/posts\/55686\/revisions"}],"wp:featuredmedia":[{"embeddable":true,"href":"https:\/\/www.tucomarca.com\/wordpress\/segunda\/wp-json\/wp\/v2\/media\/55687"}],"wp:attachment":[{"href":"https:\/\/www.tucomarca.com\/wordpress\/segunda\/wp-json\/wp\/v2\/media?parent=55686"}],"wp:term":[{"taxonomy":"category","embeddable":true,"href":"https:\/\/www.tucomarca.com\/wordpress\/segunda\/wp-json\/wp\/v2\/categories?post=55686"},{"taxonomy":"post_tag","embeddable":true,"href":"https:\/\/www.tucomarca.com\/wordpress\/segunda\/wp-json\/wp\/v2\/tags?post=55686"}],"curies":[{"name":"wp","href":"https:\/\/api.w.org\/{rel}","templated":true}]}}