{"id":5570,"date":"2012-07-17T18:02:59","date_gmt":"2012-07-17T16:02:59","guid":{"rendered":"http:\/\/www.tucomarca.com\/wordpress\/segunda\/?p=5570"},"modified":"2012-07-17T18:02:59","modified_gmt":"2012-07-17T16:02:59","slug":"la-diputacion-garantiza-a-los-ayuntamientos-mas-tecnicos-especializados-para-recuperar-las-zonas-afectadas-por-los-incendios","status":"publish","type":"post","link":"https:\/\/www.tucomarca.com\/wordpress\/segunda\/la-diputacion-garantiza-a-los-ayuntamientos-mas-tecnicos-especializados-para-recuperar-las-zonas-afectadas-por-los-incendios\/","title":{"rendered":"La Diputaci\u00f3n garantiza a los ayuntamientos m\u00e1s t\u00e9cnicos especializados para recuperar las zonas afectadas por los incendios"},"content":{"rendered":"<p>El presidente de la Diputaci\u00f3n de Valencia, Alfonso Rus, ha anunciado este mismo martes en el Pleno de la corporaci\u00f3n provincial que \u201clos ayuntamientos afectados por los incendios forestales de Andilla y Cortes de Pall\u00e1s contar\u00e1n con el asesoramiento t\u00e9cnico de m\u00e1s t\u00e9cnicos profesionales especializados para recuperar las zonas da\u00f1adas\u201d, tal como solicitaron los alcaldes tras los sucesos.<br \/>\nRus ha asegurado que \u201cya est\u00e1 firmado\u201d el decreto por el que se ampliar\u00e1, con car\u00e1cter extraordinario, el n\u00famero de t\u00e9cnicos que asista a los municipios afectados procedentes de los colegios profesionales con los que la Diputaci\u00f3n habitualmente colabora para posibilitar el asesoramiento t\u00e9cnico especializado que requieren los ayuntamientos.<br \/>\nLa ampliaci\u00f3n podr\u00e1 ser de hasta un m\u00e1ximo de dos t\u00e9cnicos por municipio, cuya dedicaci\u00f3n prioritaria ser\u00e1n las tareas relacionadas con los efectos de los incendios, y hasta el 31 de diciembre de este a\u00f1o.<br \/>\nTodos los grupos pol\u00edticos de la corporaci\u00f3n provincial han aprobado encomendar a la empresa p\u00fablica Imelsa la gesti\u00f3n del Estudio de la Valoraci\u00f3n de da\u00f1os producidos en las poblaciones afectadas por los incendios forestales de Andilla y Cortes de Pall\u00e1s, as\u00ed como de las actuaciones necesarias para reparar las infraestructuras b\u00e1sicas municipales deterioradas por los siniestros, para lo que se ha habilitado una partida econ\u00f3mica de 500.000 euros.<br \/>\n\u201cEstamos esperando que Europa diga qu\u00e9 fondos destina a la reparaci\u00f3n de da\u00f1os, pero la Diputaci\u00f3n de Valencia pondr\u00e1 todo lo que haga falta para dar respuesta a las necesidades de estos municipios, con sensibilidad e inmediatez\u201d, ha insistido el presidente.<\/p>\n<p>Un gestor para Carreteras<br \/>\nRespecto a temas del \u00e1rea de Personal, el diputado de Infraestructuras, Isidro Prieto, ha defendido la necesidad de contar con el perfil de un gestor como coordinador del departamento que dirige porque \u201ces una de las \u00e1reas m\u00e1s inversoras de la Diputaci\u00f3n, que requiere una formaci\u00f3n t\u00e9cnica necesariamente\u201dPrieto ha salido al paso de las cr\u00edticas de la oposici\u00f3n respecto al perfil requerido en la convocatoria del puesto, para el que solicitan como requisito imprescindible la Ingenier\u00eda de Caminos, al explicar que con esta plaza sucede lo mismo que con la de gerente de un hospital, \u201cdonde el que ocupa el puesto no tiene porqu\u00e9 ser un m\u00e9dico\u201d.<\/p>\n<p>Otros asuntos<br \/>\nEl pleno tambi\u00e9n ha dado luz verde a otros asuntos, como la ampliaci\u00f3n de la delegaci\u00f3n de funciones que mantienen la Comunidad de Regantes del Pla Nou de Canals y el Ayuntamiento de Chulilla con la Diputaci\u00f3n en materia tributaria.Adem\u00e1s, respecto a asuntos de orden cultural, ha confirmado la aprobaci\u00f3n del convenio entre la instituci\u00f3n provincial y el Ayuntamiento de Olocau en materia museogr\u00e1fica. <\/p>\n","protected":false},"excerpt":{"rendered":"<div class=\"mh-excerpt\">El presidente de la Diputaci\u00f3n de Valencia, Alfonso Rus, ha anunciado este mismo martes en el Pleno de la corporaci\u00f3n provincial que \u201clos ayuntamientos afectados por los incendios forestales de Andilla y Cortes de Pall\u00e1s <a class=\"mh-excerpt-more\" href=\"https:\/\/www.tucomarca.com\/wordpress\/segunda\/la-diputacion-garantiza-a-los-ayuntamientos-mas-tecnicos-especializados-para-recuperar-las-zonas-afectadas-por-los-incendios\/\" title=\"La Diputaci\u00f3n garantiza a los ayuntamientos m\u00e1s t\u00e9cnicos especializados para recuperar las zonas afectadas por los incendios\">[+] <\/a><\/div>\n","protected":false},"author":2,"featured_media":0,"comment_status":"open","ping_status":"open","sticky":false,"template":"","format":"standard","meta":{"footnotes":""},"categories":[8,72,10,59,142,3],"tags":[336],"class_list":{"0":"post-5570","1":"post","2":"type-post","3":"status-publish","4":"format-standard","6":"category-la-comarca","7":"category-sin-categorizar","8":"category-la-hoya","9":"category-los-serranos","10":"category-politica-la-comarca","11":"category-seccion","12":"tag-incendios"},"_links":{"self":[{"href":"https:\/\/www.tucomarca.com\/wordpress\/segunda\/wp-json\/wp\/v2\/posts\/5570","targetHints":{"allow":["GET"]}}],"collection":[{"href":"https:\/\/www.tucomarca.com\/wordpress\/segunda\/wp-json\/wp\/v2\/posts"}],"about":[{"href":"https:\/\/www.tucomarca.com\/wordpress\/segunda\/wp-json\/wp\/v2\/types\/post"}],"author":[{"embeddable":true,"href":"https:\/\/www.tucomarca.com\/wordpress\/segunda\/wp-json\/wp\/v2\/users\/2"}],"replies":[{"embeddable":true,"href":"https:\/\/www.tucomarca.com\/wordpress\/segunda\/wp-json\/wp\/v2\/comments?post=5570"}],"version-history":[{"count":0,"href":"https:\/\/www.tucomarca.com\/wordpress\/segunda\/wp-json\/wp\/v2\/posts\/5570\/revisions"}],"wp:attachment":[{"href":"https:\/\/www.tucomarca.com\/wordpress\/segunda\/wp-json\/wp\/v2\/media?parent=5570"}],"wp:term":[{"taxonomy":"category","embeddable":true,"href":"https:\/\/www.tucomarca.com\/wordpress\/segunda\/wp-json\/wp\/v2\/categories?post=5570"},{"taxonomy":"post_tag","embeddable":true,"href":"https:\/\/www.tucomarca.com\/wordpress\/segunda\/wp-json\/wp\/v2\/tags?post=5570"}],"curies":[{"name":"wp","href":"https:\/\/api.w.org\/{rel}","templated":true}]}}